{"id":104891,"date":"2022-01-29T23:59:38","date_gmt":"2022-01-30T02:59:38","guid":{"rendered":"http:\/\/vinasfm.com\/noticias\/?p=104891"},"modified":"2022-01-31T20:01:10","modified_gmt":"2022-01-31T23:01:10","slug":"el-consejo-de-seguridad-se-reunio-con-vecinos-del-b-costa-del-atuel-2","status":"publish","type":"post","link":"https:\/\/vinasfm.com\/noticias\/el-consejo-de-seguridad-se-reunio-con-vecinos-del-b-costa-del-atuel-2\/","title":{"rendered":"EL CONSEJO DE SEGURIDAD SE REUNI\u00d3 CON VECINOS DEL B\u00b0 COSTA DEL ATUEL"},"content":{"rendered":"<h4><span style=\"color: #000000;\"><strong>El Coordinador del Consejo de Seguridad V\u00edctor Ureta, junto a la Directora de Familia, Cecilia Ariet, al Subcomisario Jos\u00e9 L\u00f3pez, el Asesor de Derechos Humanos, Roberto Lucero, entre otros, se reunieron con los vecinos del Barrio Costa del Atuel para conocer sus problem\u00e1ticas y trabajar de manera conjunta para encontrar soluciones.<\/strong><\/span><\/h4>\n<div id=\"attachment_104893\" style=\"width: 300px\" class=\"wp-caption alignleft\"><a style=\"color: #000000;\" href=\"http:\/\/vinasfm.com\/noticias\/wp-content\/uploads\/2022\/01\/1d2ea68a-9821-45a6-a890-848bfc6fb236.jpg\"><img loading=\"lazy\" decoding=\"async\" aria-describedby=\"caption-attachment-104893\" class=\"wp-image-104893 size-medium\" src=\"http:\/\/vinasfm.com\/noticias\/wp-content\/uploads\/2022\/01\/1d2ea68a-9821-45a6-a890-848bfc6fb236-300x169.jpg\" alt=\"\" width=\"300\" height=\"169\" srcset=\"https:\/\/vinasfm.com\/noticias\/wp-content\/uploads\/2022\/01\/1d2ea68a-9821-45a6-a890-848bfc6fb236-300x169.jpg 300w, https:\/\/vinasfm.com\/noticias\/wp-content\/uploads\/2022\/01\/1d2ea68a-9821-45a6-a890-848bfc6fb236-1024x576.jpg 1024w, https:\/\/vinasfm.com\/noticias\/wp-content\/uploads\/2022\/01\/1d2ea68a-9821-45a6-a890-848bfc6fb236-768x432.jpg 768w, https:\/\/vinasfm.com\/noticias\/wp-content\/uploads\/2022\/01\/1d2ea68a-9821-45a6-a890-848bfc6fb236-750x420.jpg 750w, https:\/\/vinasfm.com\/noticias\/wp-content\/uploads\/2022\/01\/1d2ea68a-9821-45a6-a890-848bfc6fb236-1140x641.jpg 1140w, https:\/\/vinasfm.com\/noticias\/wp-content\/uploads\/2022\/01\/1d2ea68a-9821-45a6-a890-848bfc6fb236.jpg 1280w\" sizes=\"auto, (max-width: 300px) 100vw, 300px\" \/><\/a><p id=\"caption-attachment-104893\" class=\"wp-caption-text\"><span style=\"color: #000000;\">Reuni\u00f3n con vecinos del B\u00b0 Costa del Atuel.<\/span><\/p><\/div>\n<p><span style=\"color: #000000;\">El <strong>Coordinador del Consejo de Seguridad V\u00edctor Ureta<\/strong> agradeci\u00f3 a los vecinos y asegur\u00f3 que este tipo de reuniones obedece &#8216;<strong><em>al pedido del Intendente Marcolini sobre interiorizarnos en las problem\u00e1ticas que viven vecinos de distintos barrios y distritos y escuchar sus propuestas para implementar<\/em><\/strong>&#8216;. Asimismo, consign\u00f3 que a la inseguridad &#8216;<strong><em>se la combate entre todos y el compromiso debe ser tanto del Estado como de los vecinos<\/em><\/strong>&#8216;.<\/span><\/p>\n<p><span style=\"color: #000000;\">Por su parte, el <strong>Subcomisario Jos\u00e9 L\u00f3pez a cargo de la Departamental General Alvear<\/strong> se\u00f1al\u00f3: &#8216;<strong><em>Vengo e<\/em><em>n representaci\u00f3n de la Polic\u00eda de Mendoza nos hemos acercado a poder plantear los objetivos que tenemos que trazar para reducir la inseguridad. Adem\u00e1s considero fruct\u00edfero haber charlado con los j\u00f3venes porque es el grupo al que hay que contener y ayudar<\/em><\/strong>&#8216;.<\/span><\/p>\n<p><span style=\"color: #000000;\">Consultado sobre algunas de las preocupaciones manifestadas por los asistentes, el funcionario policial coment\u00f3: &#8216;<strong><em>Una de las situaciones que quieren solucionar es la complicaci\u00f3n a la hora de tramitar la licencia de conducir ya que algunos poseen multas por lo que estaremos a disposici\u00f3n para brindarles toda la asistencia necesaria<\/em><\/strong>&#8216;.<\/span><\/p>\n<p><span style=\"color: #000000;\">De la reuni\u00f3n particip\u00f3 la <strong>Directora de Familia Cecilia Ariet<\/strong>, quien resalt\u00f3: &#8216;<strong><em>Con base en sus inquietudes y necesidades formularemos propuestas para darles soluciones concretas. Este trabajo en conjunto es fundamental para mejorar su calidad de vida adem\u00e1s destaco el respeto con el que hemos dialogado<\/em><\/strong>&#8216;.<\/span><\/p>\n","protected":false},"excerpt":{"rendered":"<p>El Coordinador del Consejo de Seguridad V\u00edctor Ureta, junto a la Directora de Familia, Cecilia Ariet, al Subcomisario Jos\u00e9 L\u00f3pez, el &#8230;<\/p>\n","protected":false},"author":8,"featured_media":104892,"comment_status":"open","ping_status":"open","sticky":false,"template":"","format":"standard","meta":{"footnotes":""},"categories":[5,33],"tags":[],"class_list":["post-104891","post","type-post","status-publish","format-standard","has-post-thumbnail","hentry","category-actualidad","category-seguridad"],"_links":{"self":[{"href":"https:\/\/vinasfm.com\/noticias\/wp-json\/wp\/v2\/posts\/104891","targetHints":{"allow":["GET"]}}],"collection":[{"href":"https:\/\/vinasfm.com\/noticias\/wp-json\/wp\/v2\/posts"}],"about":[{"href":"https:\/\/vinasfm.com\/noticias\/wp-json\/wp\/v2\/types\/post"}],"author":[{"embeddable":true,"href":"https:\/\/vinasfm.com\/noticias\/wp-json\/wp\/v2\/users\/8"}],"replies":[{"embeddable":true,"href":"https:\/\/vinasfm.com\/noticias\/wp-json\/wp\/v2\/comments?post=104891"}],"version-history":[{"count":3,"href":"https:\/\/vinasfm.com\/noticias\/wp-json\/wp\/v2\/posts\/104891\/revisions"}],"predecessor-version":[{"id":104964,"href":"https:\/\/vinasfm.com\/noticias\/wp-json\/wp\/v2\/posts\/104891\/revisions\/104964"}],"wp:featuredmedia":[{"embeddable":true,"href":"https:\/\/vinasfm.com\/noticias\/wp-json\/wp\/v2\/media\/104892"}],"wp:attachment":[{"href":"https:\/\/vinasfm.com\/noticias\/wp-json\/wp\/v2\/media?parent=104891"}],"wp:term":[{"taxonomy":"category","embeddable":true,"href":"https:\/\/vinasfm.com\/noticias\/wp-json\/wp\/v2\/categories?post=104891"},{"taxonomy":"post_tag","embeddable":true,"href":"https:\/\/vinasfm.com\/noticias\/wp-json\/wp\/v2\/tags?post=104891"}],"curies":[{"name":"wp","href":"https:\/\/api.w.org\/{rel}","templated":true}]}}