{"id":104875,"date":"2022-01-29T23:59:55","date_gmt":"2022-01-30T02:59:55","guid":{"rendered":"http:\/\/vinasfm.com\/noticias\/?p=104875"},"modified":"2022-01-31T20:44:41","modified_gmt":"2022-01-31T23:44:41","slug":"el-programa-turistico-nacional-promover-beneficia-a-general-alvear","status":"publish","type":"post","link":"https:\/\/vinasfm.com\/noticias\/el-programa-turistico-nacional-promover-beneficia-a-general-alvear\/","title":{"rendered":"EL PROGRAMA TUR\u00cdSTICO NACIONAL &#8216;PROMOVER&#8217; BENEFICIA A GENERAL ALVEAR"},"content":{"rendered":"<h4><strong><span style=\"color: #000000;\">En la ma\u00f1ana de este viernes, el Intendente Walther Marcolini, el Secretario de Desarrollo y Promoci\u00f3n Carlos Ponce, y la Directora de Turismo Fabiana Gonz\u00e1lez, recibieron a autoridades del Ministerio de Turismo y Deporte de la Naci\u00f3n ya que nuestro departamento recibi\u00f3 la Resoluci\u00f3n donde el Destino General Alvear ha sido elegido dentro del Plan PROMOVER.<\/span><\/strong><\/h4>\n<div id=\"attachment_104879\" style=\"width: 300px\" class=\"wp-caption alignleft\"><a style=\"color: #000000;\" href=\"http:\/\/vinasfm.com\/noticias\/wp-content\/uploads\/2022\/01\/FOTOS-Plan-PROMOVER-General-Alvear-recibio-la-visita-del-Director-del-Consejo-Federal-de-Turismo-del-Ministerio-de-Turismo-y-Deportes-de-la-Nacion-Javier-Espina-entre-otras-autoridades_MG_9960.jpg\"><img loading=\"lazy\" decoding=\"async\" aria-describedby=\"caption-attachment-104879\" class=\"wp-image-104879 size-medium\" src=\"http:\/\/vinasfm.com\/noticias\/wp-content\/uploads\/2022\/01\/FOTOS-Plan-PROMOVER-General-Alvear-recibio-la-visita-del-Director-del-Consejo-Federal-de-Turismo-del-Ministerio-de-Turismo-y-Deportes-de-la-Nacion-Javier-Espina-entre-otras-autoridades_MG_9960-300x169.jpg\" alt=\"\" width=\"300\" height=\"169\" srcset=\"https:\/\/vinasfm.com\/noticias\/wp-content\/uploads\/2022\/01\/FOTOS-Plan-PROMOVER-General-Alvear-recibio-la-visita-del-Director-del-Consejo-Federal-de-Turismo-del-Ministerio-de-Turismo-y-Deportes-de-la-Nacion-Javier-Espina-entre-otras-autoridades_MG_9960-300x169.jpg 300w, https:\/\/vinasfm.com\/noticias\/wp-content\/uploads\/2022\/01\/FOTOS-Plan-PROMOVER-General-Alvear-recibio-la-visita-del-Director-del-Consejo-Federal-de-Turismo-del-Ministerio-de-Turismo-y-Deportes-de-la-Nacion-Javier-Espina-entre-otras-autoridades_MG_9960-1024x576.jpg 1024w, https:\/\/vinasfm.com\/noticias\/wp-content\/uploads\/2022\/01\/FOTOS-Plan-PROMOVER-General-Alvear-recibio-la-visita-del-Director-del-Consejo-Federal-de-Turismo-del-Ministerio-de-Turismo-y-Deportes-de-la-Nacion-Javier-Espina-entre-otras-autoridades_MG_9960-768x432.jpg 768w, https:\/\/vinasfm.com\/noticias\/wp-content\/uploads\/2022\/01\/FOTOS-Plan-PROMOVER-General-Alvear-recibio-la-visita-del-Director-del-Consejo-Federal-de-Turismo-del-Ministerio-de-Turismo-y-Deportes-de-la-Nacion-Javier-Espina-entre-otras-autoridades_MG_9960-1536x864.jpg 1536w, https:\/\/vinasfm.com\/noticias\/wp-content\/uploads\/2022\/01\/FOTOS-Plan-PROMOVER-General-Alvear-recibio-la-visita-del-Director-del-Consejo-Federal-de-Turismo-del-Ministerio-de-Turismo-y-Deportes-de-la-Nacion-Javier-Espina-entre-otras-autoridades_MG_9960-750x420.jpg 750w, https:\/\/vinasfm.com\/noticias\/wp-content\/uploads\/2022\/01\/FOTOS-Plan-PROMOVER-General-Alvear-recibio-la-visita-del-Director-del-Consejo-Federal-de-Turismo-del-Ministerio-de-Turismo-y-Deportes-de-la-Nacion-Javier-Espina-entre-otras-autoridades_MG_9960-1140x641.jpg 1140w, https:\/\/vinasfm.com\/noticias\/wp-content\/uploads\/2022\/01\/FOTOS-Plan-PROMOVER-General-Alvear-recibio-la-visita-del-Director-del-Consejo-Federal-de-Turismo-del-Ministerio-de-Turismo-y-Deportes-de-la-Nacion-Javier-Espina-entre-otras-autoridades_MG_9960.jpg 1920w\" sizes=\"auto, (max-width: 300px) 100vw, 300px\" \/><\/a><p id=\"caption-attachment-104879\" class=\"wp-caption-text\">Reuni\u00f3n en sala de conferencias de la Municipalidad.<\/p><\/div>\n<p><span style=\"color: #000000;\">El <strong>Jefe Comunal<\/strong>, el <strong>Secretario de Desarrollo y Promoci\u00f3n Carlos Ponce<\/strong>, y la <strong>Directora de Turismo Fabiana Gonz\u00e1lez<\/strong> junto al <strong><span style=\"color: #000000;\">Presidente de la c\u00e1mara de Turi<\/span>smo Gustavo Garc\u00eda<\/strong> y el <strong>Presidente de la Espec\u00edfica de Turismo de la C\u00e1mara de Comercio Adrian Rossi<\/strong>, recibieron a las autoridades del <strong>Ministerio de Turismo y Deportes de la Naci\u00f3n<\/strong>, representado por: el <strong>Lic. Javier Espina, Director del Consejo Federal de Turismo<\/strong>, el <strong>Cont. Esteban Bruno, Titular de la Unidad Ejecutora Promover Turismo Federal y Sostenible<\/strong>, y la <strong>Lic. Natalia Salda\u00f1a, Colaboradora del equipo PROMOVER<\/strong>, tambi\u00e9n estuvo presente <strong>Marcelo Montenegro, Director de Promoci\u00f3n Tur\u00edstica de Mendoza<\/strong>, quienes llegaron a General Alvear para otorgar la <strong>Resoluci\u00f3n donde el Destino General Alvear ha sido elegido dentro del Plan PROMOVER<\/strong>.<\/span><\/p>\n<p><span style=\"color: #000000;\">\u201c<strong><em>Es un d\u00eda importante en materia de desarrollo tur\u00edstico, es promover a General Alvear como un destino tur\u00edstico que est\u00e1 emergiendo en el pa\u00eds, con una muy buena performance sobre todo despu\u00e9s de la pandemia del Covid, si bien a\u00fan no se termina, pero hay una muy buena ocupaci\u00f3n, de descubrir nuestra buena gastronom\u00eda, el turismo rural, el circuito de museos, las actividades culturales y deportivas<\/em><\/strong>\u201d, expres\u00f3 el intendente Walther Marcolini quien celebr\u00f3 la posibilidad de trabajar en conjunto entre Municipio, Provincia, Naci\u00f3n y los privados<\/span><\/p>\n<p><span style=\"color: #000000;\">Con este programa <strong>General Alvear se ha visto beneficiada con un monto de 5,000.000 de pesos para lograr los objetivos planteados en materia tur\u00edstica<\/strong>, lo que comprende una gran oportunidad para la visualizaci\u00f3n de nuestros productos tur\u00edsticos. De los destinos emergentes que se eligieron en el Pa\u00eds, <strong>Alvear ha sido favorecido con el programa<\/strong>, con el objetivo de promocionar y poner en valor su identidad y atractivos tur\u00edsticos. El programa es un impulso de promoci\u00f3n para destinos que est\u00e1n trabajando para que el desarrollo tur\u00edstico sea una alternativa que sume a la realidad econ\u00f3mica local.<\/span><\/p>\n<p><span style=\"color: #000000;\"><a style=\"color: #000000;\" href=\"http:\/\/vinasfm.com\/noticias\/wp-content\/uploads\/2022\/01\/FOTOS-Plan-PROMOVER-General-Alvear-recibio-la-visita-del-Director-del-Consejo-Federal-de-Turismo-del-Ministerio-de-Turismo-y-Deportes-de-la-Nacion-Javier-Espina-entre-otras-autoridades_MG_0104.jpg\"><img loading=\"lazy\" decoding=\"async\" class=\" wp-image-104878 aligncenter\" src=\"http:\/\/vinasfm.com\/noticias\/wp-content\/uploads\/2022\/01\/FOTOS-Plan-PROMOVER-General-Alvear-recibio-la-visita-del-Director-del-Consejo-Federal-de-Turismo-del-Ministerio-de-Turismo-y-Deportes-de-la-Nacion-Javier-Espina-entre-otras-autoridades_MG_0104-300x169.jpg\" alt=\"\" width=\"501\" height=\"282\" srcset=\"https:\/\/vinasfm.com\/noticias\/wp-content\/uploads\/2022\/01\/FOTOS-Plan-PROMOVER-General-Alvear-recibio-la-visita-del-Director-del-Consejo-Federal-de-Turismo-del-Ministerio-de-Turismo-y-Deportes-de-la-Nacion-Javier-Espina-entre-otras-autoridades_MG_0104-300x169.jpg 300w, https:\/\/vinasfm.com\/noticias\/wp-content\/uploads\/2022\/01\/FOTOS-Plan-PROMOVER-General-Alvear-recibio-la-visita-del-Director-del-Consejo-Federal-de-Turismo-del-Ministerio-de-Turismo-y-Deportes-de-la-Nacion-Javier-Espina-entre-otras-autoridades_MG_0104-1024x576.jpg 1024w, https:\/\/vinasfm.com\/noticias\/wp-content\/uploads\/2022\/01\/FOTOS-Plan-PROMOVER-General-Alvear-recibio-la-visita-del-Director-del-Consejo-Federal-de-Turismo-del-Ministerio-de-Turismo-y-Deportes-de-la-Nacion-Javier-Espina-entre-otras-autoridades_MG_0104-768x432.jpg 768w, https:\/\/vinasfm.com\/noticias\/wp-content\/uploads\/2022\/01\/FOTOS-Plan-PROMOVER-General-Alvear-recibio-la-visita-del-Director-del-Consejo-Federal-de-Turismo-del-Ministerio-de-Turismo-y-Deportes-de-la-Nacion-Javier-Espina-entre-otras-autoridades_MG_0104-1536x864.jpg 1536w, https:\/\/vinasfm.com\/noticias\/wp-content\/uploads\/2022\/01\/FOTOS-Plan-PROMOVER-General-Alvear-recibio-la-visita-del-Director-del-Consejo-Federal-de-Turismo-del-Ministerio-de-Turismo-y-Deportes-de-la-Nacion-Javier-Espina-entre-otras-autoridades_MG_0104-750x420.jpg 750w, https:\/\/vinasfm.com\/noticias\/wp-content\/uploads\/2022\/01\/FOTOS-Plan-PROMOVER-General-Alvear-recibio-la-visita-del-Director-del-Consejo-Federal-de-Turismo-del-Ministerio-de-Turismo-y-Deportes-de-la-Nacion-Javier-Espina-entre-otras-autoridades_MG_0104-1140x641.jpg 1140w, https:\/\/vinasfm.com\/noticias\/wp-content\/uploads\/2022\/01\/FOTOS-Plan-PROMOVER-General-Alvear-recibio-la-visita-del-Director-del-Consejo-Federal-de-Turismo-del-Ministerio-de-Turismo-y-Deportes-de-la-Nacion-Javier-Espina-entre-otras-autoridades_MG_0104.jpg 1920w\" sizes=\"auto, (max-width: 501px) 100vw, 501px\" \/><\/a><\/span><\/p>\n<p><span style=\"color: #000000;\">Por su parte, <strong>Javier Esp\u00edndola<\/strong> brind\u00f3 algunos aspectos generales de este programa: \u201c<strong><em>Es un programa implementado en todo el pa\u00eds, pone en foco en lo que nosotros denominamos destinos emergentes donde los municipios y el sector privado empezaron a invertir, y esto se nota en los resultados. En cada Provincia se eligieron cinco municipios y la inversi\u00f3n del Estado Nacional en cada uno fue de cinco millones para el sector p\u00fablico y cinco millones para el sector privado. En este caso se tom\u00f3 la decisi\u00f3n de que General Alvear sea uno de los beneficiados y festejamos esta decisi\u00f3n porque estamos en un verano con niveles de recuperaci\u00f3n muy importantes en todo el pa\u00eds, en parte gracias al Pre Viaje<\/em><\/strong>\u201d, indic\u00f3.<\/span><\/p>\n<p><span style=\"color: #000000;\">Asimismo <strong>Esteba Bruno<\/strong> se refiri\u00f3 a los aspectos m\u00e1s particulares de este programa y cu\u00e1les fueron los pasos para que General Alvear sea seleccionado: \u201c<strong><em>Se dispuso que sean beneficiados cinco municipios emergentes por provincia en todo el pa\u00eds, es decir que son 120 en total con una inversi\u00f3n de 10 millones de pesos, cinco para el municipio y cinco para el sector privado. Es importante remarcar el trabajo en conjunto con la Provincia y el Municipio ya que desde Naci\u00f3n pedimos que nos recomienden los municipios y por eso trabajamos en conjunto para establecer metas de cumplimiento que tienen que ver con el embellecimiento, puesta en valor del patrimonio, comunicaci\u00f3n, publicidad y el desarrollo de aplicaciones web<\/em><\/strong>\u201d, detall\u00f3 Bruno quien agreg\u00f3 que <strong>el programa contempla tres etapas<\/strong>, la primera fue una <strong>transferencia de subsidio para el municipio<\/strong>, de cinco millones de pesos, una etapa dos, donde se <strong>otorgan cinco millones a privados<\/strong>, y en una etapa tres <strong>se visitar\u00e1 el territorio con herramientas de marketing y promoci\u00f3n del destino<\/strong>.<\/span><\/p>\n<p><span style=\"color: #000000;\"><a style=\"color: #000000;\" href=\"http:\/\/vinasfm.com\/noticias\/wp-content\/uploads\/2022\/01\/FOTOS-Plan-PROMOVER-General-Alvear-recibio-la-visita-del-Director-del-Consejo-Federal-de-Turismo-del-Ministerio-de-Turismo-y-Deportes-de-la-Nacion-Javier-Espina-entre-otras-autoridades_MG_0056.jpg\"><img loading=\"lazy\" decoding=\"async\" class=\" wp-image-104880 aligncenter\" src=\"http:\/\/vinasfm.com\/noticias\/wp-content\/uploads\/2022\/01\/FOTOS-Plan-PROMOVER-General-Alvear-recibio-la-visita-del-Director-del-Consejo-Federal-de-Turismo-del-Ministerio-de-Turismo-y-Deportes-de-la-Nacion-Javier-Espina-entre-otras-autoridades_MG_0056-300x169.jpg\" alt=\"\" width=\"543\" height=\"306\" srcset=\"https:\/\/vinasfm.com\/noticias\/wp-content\/uploads\/2022\/01\/FOTOS-Plan-PROMOVER-General-Alvear-recibio-la-visita-del-Director-del-Consejo-Federal-de-Turismo-del-Ministerio-de-Turismo-y-Deportes-de-la-Nacion-Javier-Espina-entre-otras-autoridades_MG_0056-300x169.jpg 300w, https:\/\/vinasfm.com\/noticias\/wp-content\/uploads\/2022\/01\/FOTOS-Plan-PROMOVER-General-Alvear-recibio-la-visita-del-Director-del-Consejo-Federal-de-Turismo-del-Ministerio-de-Turismo-y-Deportes-de-la-Nacion-Javier-Espina-entre-otras-autoridades_MG_0056-1024x576.jpg 1024w, https:\/\/vinasfm.com\/noticias\/wp-content\/uploads\/2022\/01\/FOTOS-Plan-PROMOVER-General-Alvear-recibio-la-visita-del-Director-del-Consejo-Federal-de-Turismo-del-Ministerio-de-Turismo-y-Deportes-de-la-Nacion-Javier-Espina-entre-otras-autoridades_MG_0056-768x432.jpg 768w, https:\/\/vinasfm.com\/noticias\/wp-content\/uploads\/2022\/01\/FOTOS-Plan-PROMOVER-General-Alvear-recibio-la-visita-del-Director-del-Consejo-Federal-de-Turismo-del-Ministerio-de-Turismo-y-Deportes-de-la-Nacion-Javier-Espina-entre-otras-autoridades_MG_0056-1536x864.jpg 1536w, https:\/\/vinasfm.com\/noticias\/wp-content\/uploads\/2022\/01\/FOTOS-Plan-PROMOVER-General-Alvear-recibio-la-visita-del-Director-del-Consejo-Federal-de-Turismo-del-Ministerio-de-Turismo-y-Deportes-de-la-Nacion-Javier-Espina-entre-otras-autoridades_MG_0056-1140x641.jpg 1140w, https:\/\/vinasfm.com\/noticias\/wp-content\/uploads\/2022\/01\/FOTOS-Plan-PROMOVER-General-Alvear-recibio-la-visita-del-Director-del-Consejo-Federal-de-Turismo-del-Ministerio-de-Turismo-y-Deportes-de-la-Nacion-Javier-Espina-entre-otras-autoridades_MG_0056.jpg 1920w\" sizes=\"auto, (max-width: 543px) 100vw, 543px\" \/><\/a><\/span><\/p>\n<p><span style=\"color: #000000;\">Quien tambi\u00e9n estuvo presente fue <strong>Marcelo Montenegro, Director de Promoci\u00f3n Tur\u00edstica de Mendoza<\/strong>: \u201c<strong><em>Felicitamos a Walther Marcolini, porque es uno de los intendentes que apuesta a la actividad tur\u00edstica como pol\u00edtica de Estado, lo que contribuye a que General Alvear est\u00e9 en la g\u00f3ndola de los destinos m\u00e1s elegidos del pa\u00eds, lo que est\u00e1 demostrado por los n\u00fameros. Alvear, con el trabajo de la Comuna mejorando la infraestructura y de la mano del sector privado, que mejora d\u00eda a d\u00eda, resaltan lo que es General Alvear como destino<\/em><\/strong>\u201d.<\/span><\/p>\n<p><span style=\"color: #000000;\">Tras el otorgamiento de la Resoluci\u00f3n donde se indica que el Destino General Alvear ha sido elegido dentro del Plan PROMOVER, y la entrega de la Resoluci\u00f3n para la Provincia de Mendoza, <strong>los funcionarios recorrieron lugares tur\u00edsticos de nuestro departamento como el Cine Teatro Antonio Lafalla y el Monumento Hist\u00f3rico Nacional Multiespacio Cultural Bodega Fara\u00f3n<\/strong>.<\/span><\/p>\n","protected":false},"excerpt":{"rendered":"<p>En la ma\u00f1ana de este viernes, el Intendente Walther Marcolini, el Secretario de Desarrollo y Promoci\u00f3n Carlos Ponce, y la Directora &#8230;<\/p>\n","protected":false},"author":8,"featured_media":104877,"comment_status":"open","ping_status":"open","sticky":false,"template":"","format":"standard","meta":{"footnotes":""},"categories":[5,21],"tags":[],"class_list":["post-104875","post","type-post","status-publish","format-standard","has-post-thumbnail","hentry","category-actualidad","category-turismo-2"],"_links":{"self":[{"href":"https:\/\/vinasfm.com\/noticias\/wp-json\/wp\/v2\/posts\/104875","targetHints":{"allow":["GET"]}}],"collection":[{"href":"https:\/\/vinasfm.com\/noticias\/wp-json\/wp\/v2\/posts"}],"about":[{"href":"https:\/\/vinasfm.com\/noticias\/wp-json\/wp\/v2\/types\/post"}],"author":[{"embeddable":true,"href":"https:\/\/vinasfm.com\/noticias\/wp-json\/wp\/v2\/users\/8"}],"replies":[{"embeddable":true,"href":"https:\/\/vinasfm.com\/noticias\/wp-json\/wp\/v2\/comments?post=104875"}],"version-history":[{"count":5,"href":"https:\/\/vinasfm.com\/noticias\/wp-json\/wp\/v2\/posts\/104875\/revisions"}],"predecessor-version":[{"id":104885,"href":"https:\/\/vinasfm.com\/noticias\/wp-json\/wp\/v2\/posts\/104875\/revisions\/104885"}],"wp:featuredmedia":[{"embeddable":true,"href":"https:\/\/vinasfm.com\/noticias\/wp-json\/wp\/v2\/media\/104877"}],"wp:attachment":[{"href":"https:\/\/vinasfm.com\/noticias\/wp-json\/wp\/v2\/media?parent=104875"}],"wp:term":[{"taxonomy":"category","embeddable":true,"href":"https:\/\/vinasfm.com\/noticias\/wp-json\/wp\/v2\/categories?post=104875"},{"taxonomy":"post_tag","embeddable":true,"href":"https:\/\/vinasfm.com\/noticias\/wp-json\/wp\/v2\/tags?post=104875"}],"curies":[{"name":"wp","href":"https:\/\/api.w.org\/{rel}","templated":true}]}}