{"id":104869,"date":"2022-01-27T00:01:10","date_gmt":"2022-01-27T03:01:10","guid":{"rendered":"http:\/\/vinasfm.com\/noticias\/?p=104869"},"modified":"2022-01-28T20:06:55","modified_gmt":"2022-01-28T23:06:55","slug":"coronavirus-en-mendoza-2-091-nuevos-casos-y-5-muertes","status":"publish","type":"post","link":"https:\/\/vinasfm.com\/noticias\/coronavirus-en-mendoza-2-091-nuevos-casos-y-5-muertes\/","title":{"rendered":"Coronavirus en Mendoza: 2.091 nuevos casos y 5 muertes"},"content":{"rendered":"<h4><span style=\"color: #000000;\"><strong>El Gobierno de Mendoza, a trav\u00e9s del Ministerio de Salud, Desarrollo Social y Deportes, informa las cantidades de personas positivas, recuperadas y fallecidas por COVID-19. Tambi\u00e9n se comunican las cantidades de PCR y test de ant\u00edgenos realizados en las \u00faltimas 24 horas.<\/strong><\/span><\/h4>\n<p><span style=\"color: #000000;\">Los datos se desprenden del Sistema Integrado de Informaci\u00f3n Sanitaria Argentina (SISA), los cuales son proporcionados por los hospitales, centros de salud y establecimientos de aislamiento extrahospitalarios de la provincia.\u00a0Se informa\u00a0la\u00a0<strong>recuperaci\u00f3n de 3.764 pacientes con COVID-19.<\/strong><\/span><\/p>\n<p><span style=\"color: #000000;\">Asimismo, la Red de Laboratorios del Ministerio de Salud, Desarrollo Social y Deportes de la Provincia inform\u00f3 que entre las \u00faltimas horas de ayer y hoy\u00a0<strong>se procesaron 5.021 determinaciones:<\/strong><\/span><\/p>\n<ul>\n<li><span style=\"color: #000000;\"><strong>2.930 fueron negativas.<\/strong><\/span><\/li>\n<li><span style=\"color: #000000;\"><strong>2.091 nuevos casos positivos.<\/strong><\/span><\/li>\n<\/ul>\n<p><span style=\"color: #000000;\">En cuanto a la cantidad de\u00a0<strong>fallecidos<\/strong>, se reportaron:<\/span><\/p>\n<ul>\n<li><span style=\"color: #000000;\"><strong>2 en las \u00faltimas 48 horas.<\/strong><\/span><\/li>\n<li><span style=\"color: #000000;\"><strong>3 seg\u00fan la carga en SISA, reportado con fechas anteriores.<\/strong><\/span><\/li>\n<\/ul>\n<p><span style=\"color: #000000;\">La provincia de\u00a0<strong>Mendoza registra hasta hoy:<\/strong><\/span><\/p>\n<ul>\n<li><span style=\"color: #000000;\"><strong>260.128 casos positivos confirmados COVID-19.<\/strong><\/span><\/li>\n<li><span style=\"color: #000000;\"><strong>232.035 personas recuperadas COVID-19.<\/strong><\/span><\/li>\n<li><span style=\"color: #000000;\"><strong>4.743 fallecimientos por COVID-19.<\/strong><\/span><\/li>\n<\/ul>\n","protected":false},"excerpt":{"rendered":"<p>El Gobierno de Mendoza, a trav\u00e9s del Ministerio de Salud, Desarrollo Social y Deportes, informa las cantidades de personas positivas, recuperadas &#8230;<\/p>\n","protected":false},"author":8,"featured_media":4206,"comment_status":"open","ping_status":"open","sticky":false,"template":"","format":"standard","meta":{"footnotes":""},"categories":[5,62],"tags":[],"class_list":["post-104869","post","type-post","status-publish","format-standard","has-post-thumbnail","hentry","category-actualidad","category-coronavirus"],"_links":{"self":[{"href":"https:\/\/vinasfm.com\/noticias\/wp-json\/wp\/v2\/posts\/104869","targetHints":{"allow":["GET"]}}],"collection":[{"href":"https:\/\/vinasfm.com\/noticias\/wp-json\/wp\/v2\/posts"}],"about":[{"href":"https:\/\/vinasfm.com\/noticias\/wp-json\/wp\/v2\/types\/post"}],"author":[{"embeddable":true,"href":"https:\/\/vinasfm.com\/noticias\/wp-json\/wp\/v2\/users\/8"}],"replies":[{"embeddable":true,"href":"https:\/\/vinasfm.com\/noticias\/wp-json\/wp\/v2\/comments?post=104869"}],"version-history":[{"count":2,"href":"https:\/\/vinasfm.com\/noticias\/wp-json\/wp\/v2\/posts\/104869\/revisions"}],"predecessor-version":[{"id":104897,"href":"https:\/\/vinasfm.com\/noticias\/wp-json\/wp\/v2\/posts\/104869\/revisions\/104897"}],"wp:featuredmedia":[{"embeddable":true,"href":"https:\/\/vinasfm.com\/noticias\/wp-json\/wp\/v2\/media\/4206"}],"wp:attachment":[{"href":"https:\/\/vinasfm.com\/noticias\/wp-json\/wp\/v2\/media?parent=104869"}],"wp:term":[{"taxonomy":"category","embeddable":true,"href":"https:\/\/vinasfm.com\/noticias\/wp-json\/wp\/v2\/categories?post=104869"},{"taxonomy":"post_tag","embeddable":true,"href":"https:\/\/vinasfm.com\/noticias\/wp-json\/wp\/v2\/tags?post=104869"}],"curies":[{"name":"wp","href":"https:\/\/api.w.org\/{rel}","templated":true}]}}