{"id":104845,"date":"2022-01-31T10:00:16","date_gmt":"2022-01-31T13:00:16","guid":{"rendered":"http:\/\/vinasfm.com\/noticias\/?p=104845"},"modified":"2022-01-31T11:48:13","modified_gmt":"2022-01-31T14:48:13","slug":"balance-exitosa-segunda-quincena-de-enero-en-materia-turistica","status":"publish","type":"post","link":"https:\/\/vinasfm.com\/noticias\/balance-exitosa-segunda-quincena-de-enero-en-materia-turistica\/","title":{"rendered":"BALANCE: EXITOSA SEGUNDA QUINCENA DE ENERO EN MATERIA TUR\u00cdSTICA"},"content":{"rendered":"<h4><span style=\"color: #000000;\"><strong>Desde la Direcci\u00f3n de Turismo celebraron la constante llegada de turistas al departamento y resaltaron el trabajo mancomunado entre los prestadores privados <\/strong>y del\u00a0<strong>Municipio<\/strong> para garantizar una buena estad\u00eda a quienes eligieron disfrutar de Alvear en sus vacaciones.<\/span><\/h4>\n<p><span style=\"color: #000000;\">&#8216;<strong><em>El \u00e9xito tur\u00edstico no se basa tanto en la cantidad de visitantes sino en la satisfacci\u00f3n que estos logran en su estad\u00eda en Alvear y lo mejor, que deseen volver<\/em><\/strong>&#8216;, consign\u00f3 en di\u00e1logo con <strong>F.M. Vi\u00f1as<\/strong> la <strong>Directora de Turismo Fabiana\u00a0<\/strong><b>Gonz\u00e1lez.<\/b><\/span><\/p>\n<p><span style=\"color: #000000;\">&#8216;<strong><em>La ocupaci\u00f3n ha sido alta en alojamientos inscriptos y en hogares particulares y lo notamos en los atractivos que tiene nuestro departamento como clubes, costanera, bodegas y dem\u00e1s espacios tem\u00e1ticos<\/em><\/strong>&#8216;, subray\u00f3 Gonz\u00e1lez.<\/span><\/p>\n<p><span style=\"color: #000000;\">Sobre el trabajo del \u00e1rea tur\u00edstica local, felicit\u00f3 al equipo que recibi\u00f3 a los visitantes en los principales ingresos al departamento y reconoci\u00f3: &#8216;<strong><em>Sabemos que nos falta mucho por eso estamos apostando a m\u00e1s y mejores servicios, conectividad y todo lo necesario para que al llegar a Alvear, los turistas puedan encontrar todo para vacacionar<\/em><\/strong>&#8216;.<\/span><\/p>\n","protected":false},"excerpt":{"rendered":"<p>Desde la Direcci\u00f3n de Turismo celebraron la constante llegada de turistas al departamento y resaltaron el trabajo mancomunado entre los prestadores &#8230;<\/p>\n","protected":false},"author":8,"featured_media":27865,"comment_status":"open","ping_status":"open","sticky":false,"template":"","format":"standard","meta":{"footnotes":""},"categories":[5,21],"tags":[],"class_list":["post-104845","post","type-post","status-publish","format-standard","has-post-thumbnail","hentry","category-actualidad","category-turismo-2"],"_links":{"self":[{"href":"https:\/\/vinasfm.com\/noticias\/wp-json\/wp\/v2\/posts\/104845","targetHints":{"allow":["GET"]}}],"collection":[{"href":"https:\/\/vinasfm.com\/noticias\/wp-json\/wp\/v2\/posts"}],"about":[{"href":"https:\/\/vinasfm.com\/noticias\/wp-json\/wp\/v2\/types\/post"}],"author":[{"embeddable":true,"href":"https:\/\/vinasfm.com\/noticias\/wp-json\/wp\/v2\/users\/8"}],"replies":[{"embeddable":true,"href":"https:\/\/vinasfm.com\/noticias\/wp-json\/wp\/v2\/comments?post=104845"}],"version-history":[{"count":1,"href":"https:\/\/vinasfm.com\/noticias\/wp-json\/wp\/v2\/posts\/104845\/revisions"}],"predecessor-version":[{"id":104847,"href":"https:\/\/vinasfm.com\/noticias\/wp-json\/wp\/v2\/posts\/104845\/revisions\/104847"}],"wp:featuredmedia":[{"embeddable":true,"href":"https:\/\/vinasfm.com\/noticias\/wp-json\/wp\/v2\/media\/27865"}],"wp:attachment":[{"href":"https:\/\/vinasfm.com\/noticias\/wp-json\/wp\/v2\/media?parent=104845"}],"wp:term":[{"taxonomy":"category","embeddable":true,"href":"https:\/\/vinasfm.com\/noticias\/wp-json\/wp\/v2\/categories?post=104845"},{"taxonomy":"post_tag","embeddable":true,"href":"https:\/\/vinasfm.com\/noticias\/wp-json\/wp\/v2\/tags?post=104845"}],"curies":[{"name":"wp","href":"https:\/\/api.w.org\/{rel}","templated":true}]}}