{"id":104841,"date":"2022-01-29T23:00:06","date_gmt":"2022-01-30T02:00:06","guid":{"rendered":"http:\/\/vinasfm.com\/noticias\/?p=104841"},"modified":"2022-01-31T11:43:48","modified_gmt":"2022-01-31T14:43:48","slug":"mendoza-activa-3-excelente-alternativa-para-la-cultura-y-el-turismo","status":"publish","type":"post","link":"https:\/\/vinasfm.com\/noticias\/mendoza-activa-3-excelente-alternativa-para-la-cultura-y-el-turismo\/","title":{"rendered":"MENDOZA ACTIVA 3, EXCELENTE ALTERNATIVA PARA LA CULTURA Y EL TURISMO"},"content":{"rendered":"<h4><span style=\"color: #000000;\"><strong>Mendoza Activa III cuenta con l\u00edneas exclusivas para el sector tur\u00edstico y cultural. La Ministra Vicario visit\u00f3 un emprendimiento tur\u00edstico malarg\u00fcino, que accedi\u00f3 al programa y pudo adquirir un lote de bicicletas, que sirve para diversificar su oferta.<\/strong><\/span><\/h4>\n<p><span style=\"color: #000000;\">La tercera edici\u00f3n de este programa que fomenta, con reintegros, las inversiones, el empleo y la producci\u00f3n, cuenta con formularios abiertos <strong>hasta el 5 de febrero<\/strong>.<\/span><\/p>\n<p><span style=\"color: #000000;\">Para anotarse, los interesados deben ingresar en la web del <strong>Ministerio de Econom\u00eda y Energ\u00eda<\/strong><\/span>\u00a0<a href=\"https:\/\/www.mendoza.gov.ar\/mendozaactiva\/\" target=\"_blank\" rel=\"noreferrer noopener\">https:\/\/www.mendoza.gov.ar\/mendozaactiva\/<\/a>\u00a0<span style=\"color: #000000;\">y abrir la pesta\u00f1a de <strong>Mendoza Activa III<\/strong>.<\/span><\/p>\n<p><span style=\"color: #000000;\">En esta etapa se incorporaron m\u00e1s rubros, con facilidades para la edificaci\u00f3n o terminaci\u00f3n de vivienda \u00fanica y planes para recuperar los centros y clubes deportivos, muy golpeados por la pandemia.<\/span><\/p>\n<p><span style=\"color: #000000;\">En todos los casos la Provincia reintegrar\u00e1 hasta el cuarenta por ciento (40%) de la inversi\u00f3n efectivamente realizada. Esta devoluci\u00f3n se har\u00e1 con dinero en efectivo, la provisi\u00f3n de una tarjeta de consumo o billetera electr\u00f3nica (para uso en actividades tur\u00edsticas, gastron\u00f3micas, sociales, culturales, recreativas, deportivas y de inter\u00e9s local, entre otras) y el otorgamiento de un cr\u00e9dito fiscal.<\/span><\/p>\n<p><span style=\"color: #000000;\"><strong>Plus Activa:<\/strong> <em>Los proyectos que luego de ejecutados cumplan con todos o algunos de los objetivos de generaci\u00f3n de empleo permanente y\/o, innovaci\u00f3n tecnol\u00f3gica mendocina y\/o contribuyan a las exportaciones provinciales sumar\u00e1n un 5% adicional del reintegro<\/em>.<\/span><\/p>\n<p><span style=\"color: #000000;\">Mendoza Activa es una herramienta del Gobierno de Mendoza, para apoyar al sector del turismo, la cultura y la gastronom\u00eda, ya que parte del reintegro, en cualquiera de las l\u00edneas, se devuelve en consumos tur\u00edsticos y culturales. Este beneficio se concreta a trav\u00e9s de las billeteras virtuales, uno de los medios de pago que m\u00e1s ha crecido en los \u00faltimos tiempos.<\/span><\/p>\n<h4 style=\"text-align: center;\"><span style=\"color: #000000;\"><strong>L\u00edneas para la Cultura y el Turismo<\/strong><\/span><\/h4>\n<p><span style=\"color: #000000;\"><strong>Mendoza Activa<\/strong> cuenta con l\u00edneas que favorecen a emprendimientos de estos sectores, tan golpeados por la pandemia y para los que el Gobierno de Mendoza trabaja permanentemente en pos de su recuperaci\u00f3n.<\/span><\/p>\n<ul>\n<li><span style=\"color: #000000;\"><strong>Servicios audiovisuales y producciones culturales:<\/strong> compra de maquinarias y equipos de sistemas de sonidos, iluminaci\u00f3n, audiovisuales, pantallas, proyectores, vallados, generadores, cuerpos de escenarios y otros, preferentemente producidos en Mendoza. Se priorizar\u00e1n las ubicadas en los Parques Industriales de la Provincia inscriptos en el Registro Nacional de Parques Industriales (RENPI), como las ubicadas en Zonas Industriales de los Departamentos.<\/span><\/li>\n<li><span style=\"color: #000000;\"><strong>Servicios Tur\u00edsticos<\/strong>, escolares y otros, para compra de veh\u00edculos colectivos, para transporte escolar y tur\u00edstico.<\/span><\/li>\n<li><span style=\"color: #000000;\"><strong>Llave en mano:<\/strong> materiales, servicios t\u00e9cnicos y mano de obra afectada a la construcci\u00f3n, ampliaci\u00f3n, terminaci\u00f3n y refacci\u00f3n de locales comerciales, recreativos y\/o tur\u00edsticos, establecimientos industriales y de servicios e infraestructura en establecimientos dedicados a la producci\u00f3n agr\u00edcola-ganadera, ap\u00edcola, de servicios e industria.<\/span><\/li>\n<li><span style=\"color: #000000;\"><strong>Construcci\u00f3n y urbanizaci\u00f3n:<\/strong> construcci\u00f3n, refacci\u00f3n, terminaci\u00f3n y ampliaci\u00f3n de sedes y establecimientos de uso recreativos y\/o deportivos, redes de agua y conexi\u00f3n de agua, red de desag\u00fces, red el\u00e9ctrica, conexi\u00f3n el\u00e9ctrica, conexiones a servicios de telefon\u00eda e internet, y red peatonal (veredas, puentes y esquinas) de asociaciones vecinales, sindicales, gremiales entre otras.<\/span><\/li>\n<\/ul>\n<p><span style=\"color: #000000;\">Adem\u00e1s, este programa posee otras l\u00edneas que, si bien no son exclusivas para el turismo, la gastronom\u00eda y la cultura, se pueden adaptar a este tipo de emprendimientos. Se destacan:<\/span><\/p>\n<ul>\n<li><span style=\"color: #000000;\"><strong>Equipamiento comercial y de servicios:<\/strong> compra e instalaci\u00f3n de equipamiento con destino comercial o de servicios, preferentemente producido en la provincia de Mendoza.<\/span><\/li>\n<li><span style=\"color: #000000;\"><strong>Eficiencia de riego:<\/strong> sistemas de riego presurizados. Esquema de entrega \u201cllave en mano\u201d. Sistema de riego superficial intrafinca. Elementos para mejorar el sistema de distribuci\u00f3n interna, carpas para tapadas, mangas con ventanas de apertura y cierre para distribuci\u00f3n por tapadas, tanques compensadores de presi\u00f3n.<\/span><\/li>\n<li><span style=\"color: #000000;\"><strong>Forrajes:<\/strong> compra de semillas y equipo de riego presurizado y agroqu\u00edmicos.<\/span><\/li>\n<li><span style=\"color: #000000;\"><strong>Maquinaria agr\u00edcola:<\/strong> Compra de maquinaria agr\u00edcola, creaci\u00f3n y fortalecimiento de centros de servicios, c\u00e1maras frigor\u00edficas.<\/span><\/li>\n<li><span style=\"color: #000000;\"><strong>Forestales:<\/strong> compra de material de propagaci\u00f3n, riego presurizado. Especies populus, salix, eucaliptus, con\u00edferas y\/u otras que t\u00e9cnica y agroecol\u00f3gicamente se adapten a la zona a cultivar (especies maderables).<\/span><\/li>\n<\/ul>\n","protected":false},"excerpt":{"rendered":"<p>Mendoza Activa III cuenta con l\u00edneas exclusivas para el sector tur\u00edstico y cultural. La Ministra Vicario visit\u00f3 un emprendimiento tur\u00edstico malarg\u00fcino, &#8230;<\/p>\n","protected":false},"author":8,"featured_media":104842,"comment_status":"open","ping_status":"open","sticky":false,"template":"","format":"standard","meta":{"footnotes":""},"categories":[5,16],"tags":[],"class_list":["post-104841","post","type-post","status-publish","format-standard","has-post-thumbnail","hentry","category-actualidad","category-economia"],"_links":{"self":[{"href":"https:\/\/vinasfm.com\/noticias\/wp-json\/wp\/v2\/posts\/104841","targetHints":{"allow":["GET"]}}],"collection":[{"href":"https:\/\/vinasfm.com\/noticias\/wp-json\/wp\/v2\/posts"}],"about":[{"href":"https:\/\/vinasfm.com\/noticias\/wp-json\/wp\/v2\/types\/post"}],"author":[{"embeddable":true,"href":"https:\/\/vinasfm.com\/noticias\/wp-json\/wp\/v2\/users\/8"}],"replies":[{"embeddable":true,"href":"https:\/\/vinasfm.com\/noticias\/wp-json\/wp\/v2\/comments?post=104841"}],"version-history":[{"count":2,"href":"https:\/\/vinasfm.com\/noticias\/wp-json\/wp\/v2\/posts\/104841\/revisions"}],"predecessor-version":[{"id":104844,"href":"https:\/\/vinasfm.com\/noticias\/wp-json\/wp\/v2\/posts\/104841\/revisions\/104844"}],"wp:featuredmedia":[{"embeddable":true,"href":"https:\/\/vinasfm.com\/noticias\/wp-json\/wp\/v2\/media\/104842"}],"wp:attachment":[{"href":"https:\/\/vinasfm.com\/noticias\/wp-json\/wp\/v2\/media?parent=104841"}],"wp:term":[{"taxonomy":"category","embeddable":true,"href":"https:\/\/vinasfm.com\/noticias\/wp-json\/wp\/v2\/categories?post=104841"},{"taxonomy":"post_tag","embeddable":true,"href":"https:\/\/vinasfm.com\/noticias\/wp-json\/wp\/v2\/tags?post=104841"}],"curies":[{"name":"wp","href":"https:\/\/api.w.org\/{rel}","templated":true}]}}