{"id":104803,"date":"2022-01-27T00:01:34","date_gmt":"2022-01-27T03:01:34","guid":{"rendered":"http:\/\/vinasfm.com\/noticias\/?p=104803"},"modified":"2022-01-27T18:23:18","modified_gmt":"2022-01-27T21:23:18","slug":"tercera-ola-de-covid-19-mendoza-sumo-3-830-contagios-y-5-fallecimientos","status":"publish","type":"post","link":"https:\/\/vinasfm.com\/noticias\/tercera-ola-de-covid-19-mendoza-sumo-3-830-contagios-y-5-fallecimientos\/","title":{"rendered":"TERCERA OLA DE COVID-19: MENDOZA SUM\u00d3 3.830 CONTAGIOS Y 5 FALLECIMIENTOS"},"content":{"rendered":"<h4><span style=\"color: #000000;\"><strong>El Ministerio de Salud de Mendoza registr\u00f3 este mi\u00e9rcoles 3.830 nuevos casos de coronavirus y 5 muertos. Tambi\u00e9n se recuperaron 3.876 pacientes que ya atravesaron la enfermedad.<\/strong><\/span><\/h4>\n<p><span style=\"color: #000000;\">Los datos se desprenden del<strong> Sistema Integrado de Informaci\u00f3n Sanitaria Argentina (SISA)<\/strong>, los cuales son proporcionados por los hospitales, centros de salud y establecimientos de aislamiento extrahospitalarios de la provincia.<\/span><\/p>\n<p><span style=\"color: #000000;\">Desde el \u00faltimo reporte\u00a0\u00a0se procesaron 5.870 determinaciones,<strong>\u00a0con una positividad de 65%<\/strong>:<\/span><\/p>\n<ul>\n<li><span style=\"color: #000000;\"><strong>2.040 fueron negativas.<\/strong><\/span><\/li>\n<li><span style=\"color: #000000;\"><strong>3.830 nuevos casos positivos.<\/strong><\/span><\/li>\n<\/ul>\n<p><span style=\"color: #000000;\">En cuanto a la cantidad de\u00a0fallecidos, se reportaron:<\/span><\/p>\n<ul>\n<li><span style=\"color: #000000;\"><strong>3 en las \u00faltimas 48 horas.<\/strong><\/span><\/li>\n<li><span style=\"color: #000000;\"><strong>2 seg\u00fan la carga en SISA, reportado con fechas anteriores.<\/strong><\/span><\/li>\n<\/ul>\n<p><span style=\"color: #000000;\">La provincia de\u00a0Mendoza registra hasta hoy:<\/span><\/p>\n<ul>\n<li><span style=\"color: #000000;\"><strong>258.037 casos positivos confirmados COVID-19.<\/strong><\/span><\/li>\n<li><span style=\"color: #000000;\"><strong>228.271 personas recuperadas COVID-19.<\/strong><\/span><\/li>\n<li><span style=\"color: #000000;\"><strong>4.738 fallecimientos por COVID-19.<\/strong><\/span><\/li>\n<\/ul>\n","protected":false},"excerpt":{"rendered":"<p>El Ministerio de Salud de Mendoza registr\u00f3 este mi\u00e9rcoles 3.830 nuevos casos de coronavirus y 5 muertos. Tambi\u00e9n se recuperaron 3.876 &#8230;<\/p>\n","protected":false},"author":8,"featured_media":69823,"comment_status":"open","ping_status":"open","sticky":false,"template":"","format":"standard","meta":{"footnotes":""},"categories":[5,62],"tags":[],"class_list":["post-104803","post","type-post","status-publish","format-standard","has-post-thumbnail","hentry","category-actualidad","category-coronavirus"],"_links":{"self":[{"href":"https:\/\/vinasfm.com\/noticias\/wp-json\/wp\/v2\/posts\/104803","targetHints":{"allow":["GET"]}}],"collection":[{"href":"https:\/\/vinasfm.com\/noticias\/wp-json\/wp\/v2\/posts"}],"about":[{"href":"https:\/\/vinasfm.com\/noticias\/wp-json\/wp\/v2\/types\/post"}],"author":[{"embeddable":true,"href":"https:\/\/vinasfm.com\/noticias\/wp-json\/wp\/v2\/users\/8"}],"replies":[{"embeddable":true,"href":"https:\/\/vinasfm.com\/noticias\/wp-json\/wp\/v2\/comments?post=104803"}],"version-history":[{"count":1,"href":"https:\/\/vinasfm.com\/noticias\/wp-json\/wp\/v2\/posts\/104803\/revisions"}],"predecessor-version":[{"id":104804,"href":"https:\/\/vinasfm.com\/noticias\/wp-json\/wp\/v2\/posts\/104803\/revisions\/104804"}],"wp:featuredmedia":[{"embeddable":true,"href":"https:\/\/vinasfm.com\/noticias\/wp-json\/wp\/v2\/media\/69823"}],"wp:attachment":[{"href":"https:\/\/vinasfm.com\/noticias\/wp-json\/wp\/v2\/media?parent=104803"}],"wp:term":[{"taxonomy":"category","embeddable":true,"href":"https:\/\/vinasfm.com\/noticias\/wp-json\/wp\/v2\/categories?post=104803"},{"taxonomy":"post_tag","embeddable":true,"href":"https:\/\/vinasfm.com\/noticias\/wp-json\/wp\/v2\/tags?post=104803"}],"curies":[{"name":"wp","href":"https:\/\/api.w.org\/{rel}","templated":true}]}}