{"id":104780,"date":"2022-01-26T10:27:20","date_gmt":"2022-01-26T13:27:20","guid":{"rendered":"http:\/\/vinasfm.com\/noticias\/?p=104780"},"modified":"2022-01-26T18:47:12","modified_gmt":"2022-01-26T21:47:12","slug":"se-mantiene-la-alerta-por-tormentas-fuertes-en-el-sur-mendocino","status":"publish","type":"post","link":"https:\/\/vinasfm.com\/noticias\/se-mantiene-la-alerta-por-tormentas-fuertes-en-el-sur-mendocino\/","title":{"rendered":"SE MANTIENE LA ALERTA POR TORMENTAS FUERTES EN EL SUR MENDOCINO"},"content":{"rendered":"<h4><strong><span style=\"color: #000000;\">Para este mi\u00e9rcoles se espera tiempo inestable con poco cambio de las condiciones clim\u00e1ticas. El Servicio Meteorol\u00f3gico Nacional (SMN) emiti\u00f3 una alerta amarilla por tormentas fuertes en el Sur de Mendoza:<\/span><\/strong><\/h4>\n<p><span style=\"color: #000000;\"><i>\u00abEl \u00e1rea ser\u00e1 afectada por tormentas, algunas localmente fuertes, acompa\u00f1adas de intensa actividad el\u00e9ctrica, fuertes r\u00e1fagas, ocasional ca\u00edda de granizo y abundante ca\u00edda de agua en cortos per\u00edodos. Los valores de precipitaci\u00f3n acumulada se estiman entre 20 y 45 mm, pudiendo ser superados de forma local\u00bb.<\/i><\/span><\/p>\n<p><span style=\"color: #000000;\">Para <strong>General Alvear<\/strong> se mantendr\u00e1n las condiciones de inestabilidad con cielo algo nublado, por la tarde-noche se esperan tormentas fuertes con r\u00e1fagas de viento, la m\u00e1xima alcanzar\u00e1 los 29\u00b0C con vientos predominantes del Sureste.<\/span><\/p>\n<p><span style=\"color: #000000;\">En <strong>San Rafael<\/strong> se pronostica cielo algo nublado, inestable por la tarde-noche con probabilidad de tormentas fuertes y r\u00e1fagas moderadas de viento, la m\u00e1xima rondar\u00e1 los 29\u00b0C con vientos del Sureste.<\/span><\/p>\n<p><span style=\"color: #000000;\">En <strong>Malarg\u00fce<\/strong> se espera cielo ligeramente nublado con tormentas fuertes por la tarde, luego mejorar\u00e1n las condiciones, la m\u00e1xima llegar\u00e1 a los 28\u00b0C con vientos del Noreste.<\/span><\/p>\n","protected":false},"excerpt":{"rendered":"<p>Para este mi\u00e9rcoles se espera tiempo inestable con poco cambio de las condiciones clim\u00e1ticas. El Servicio Meteorol\u00f3gico Nacional (SMN) emiti\u00f3 una &#8230;<\/p>\n","protected":false},"author":8,"featured_media":64705,"comment_status":"open","ping_status":"open","sticky":false,"template":"","format":"standard","meta":{"footnotes":""},"categories":[5,36],"tags":[],"class_list":["post-104780","post","type-post","status-publish","format-standard","has-post-thumbnail","hentry","category-actualidad","category-pronostico"],"_links":{"self":[{"href":"https:\/\/vinasfm.com\/noticias\/wp-json\/wp\/v2\/posts\/104780","targetHints":{"allow":["GET"]}}],"collection":[{"href":"https:\/\/vinasfm.com\/noticias\/wp-json\/wp\/v2\/posts"}],"about":[{"href":"https:\/\/vinasfm.com\/noticias\/wp-json\/wp\/v2\/types\/post"}],"author":[{"embeddable":true,"href":"https:\/\/vinasfm.com\/noticias\/wp-json\/wp\/v2\/users\/8"}],"replies":[{"embeddable":true,"href":"https:\/\/vinasfm.com\/noticias\/wp-json\/wp\/v2\/comments?post=104780"}],"version-history":[{"count":1,"href":"https:\/\/vinasfm.com\/noticias\/wp-json\/wp\/v2\/posts\/104780\/revisions"}],"predecessor-version":[{"id":104781,"href":"https:\/\/vinasfm.com\/noticias\/wp-json\/wp\/v2\/posts\/104780\/revisions\/104781"}],"wp:featuredmedia":[{"embeddable":true,"href":"https:\/\/vinasfm.com\/noticias\/wp-json\/wp\/v2\/media\/64705"}],"wp:attachment":[{"href":"https:\/\/vinasfm.com\/noticias\/wp-json\/wp\/v2\/media?parent=104780"}],"wp:term":[{"taxonomy":"category","embeddable":true,"href":"https:\/\/vinasfm.com\/noticias\/wp-json\/wp\/v2\/categories?post=104780"},{"taxonomy":"post_tag","embeddable":true,"href":"https:\/\/vinasfm.com\/noticias\/wp-json\/wp\/v2\/tags?post=104780"}],"curies":[{"name":"wp","href":"https:\/\/api.w.org\/{rel}","templated":true}]}}