{"id":104777,"date":"2022-01-26T00:01:38","date_gmt":"2022-01-26T03:01:38","guid":{"rendered":"http:\/\/vinasfm.com\/noticias\/?p=104777"},"modified":"2022-01-27T09:57:20","modified_gmt":"2022-01-27T12:57:20","slug":"dos-vehiculos-colisionaron-en-av-libertad-y-calle-zamenhoff","status":"publish","type":"post","link":"https:\/\/vinasfm.com\/noticias\/dos-vehiculos-colisionaron-en-av-libertad-y-calle-zamenhoff\/","title":{"rendered":"DOS VEH\u00cdCULOS COLISIONARON EN AV. LIBERTAD Y CALLE ZAMENHOFF"},"content":{"rendered":"<h4><span style=\"color: #000000;\"><strong>En horas de la ma\u00f1ana de este mi\u00e9rcoles, un autom\u00f3vil y un utilitario impactaron en la intersecci\u00f3n de Avenida Libertad y calle Zamenhoff de Ciudad.<\/strong><\/span><\/h4>\n<p><span style=\"color: #000000;\">Desde<strong> Polic\u00eda Vial<\/strong> indicaron en di\u00e1logo con <strong>F.M. VI\u00d1AS<\/strong> que el siniestro se produjo a las <strong>7:20hs<\/strong> y fue protagonizado por un <strong>Fiat Duna<\/strong>, en el que circulaban dos hombres mayores de edad, y un <strong>Citro\u00ebn Berlingo<\/strong> al mando de otro hombre.<\/span><\/p>\n<p><span style=\"color: #000000;\">Consultados por la mec\u00e1nica del siniestro, reconstruyeron que <strong>el utilitario circulaba por calle Zamenhoff de este a oeste<\/strong> y al llegar a la intersecci\u00f3n con Avenida Libertad <strong>colision\u00f3 con el Fiat Duna que transitaba hacia el sur<\/strong>. <\/span><\/p>\n<p><span style=\"color: #000000;\">A ra\u00edz del hecho <strong>resultaron lesionados el conductor (27) de la Citro\u00ebn y el acompa\u00f1ante del segundo veh\u00edculo<\/strong>, motivo por el que fueron trasladados al Hospital local donde les diagnosticaron <strong><em>lesiones de car\u00e1cter leves<\/em><\/strong>.<\/span><\/p>\n<p><span style=\"color: #000000;\">Se labraron actuaciones en &#8216;<strong><em>Averiguaci\u00f3n Lesiones Culposas<\/em><\/strong>&#8216; bajo instrucci\u00f3n de la Unidad Fiscal de Comisar\u00eda 14\u00b0.<\/span><\/p>\n","protected":false},"excerpt":{"rendered":"<p>En horas de la ma\u00f1ana de este mi\u00e9rcoles, un autom\u00f3vil y un utilitario impactaron en la intersecci\u00f3n de Avenida Libertad y &#8230;<\/p>\n","protected":false},"author":8,"featured_media":77405,"comment_status":"open","ping_status":"open","sticky":false,"template":"","format":"standard","meta":{"footnotes":""},"categories":[5,4],"tags":[],"class_list":["post-104777","post","type-post","status-publish","format-standard","has-post-thumbnail","hentry","category-actualidad","category-policiales"],"_links":{"self":[{"href":"https:\/\/vinasfm.com\/noticias\/wp-json\/wp\/v2\/posts\/104777","targetHints":{"allow":["GET"]}}],"collection":[{"href":"https:\/\/vinasfm.com\/noticias\/wp-json\/wp\/v2\/posts"}],"about":[{"href":"https:\/\/vinasfm.com\/noticias\/wp-json\/wp\/v2\/types\/post"}],"author":[{"embeddable":true,"href":"https:\/\/vinasfm.com\/noticias\/wp-json\/wp\/v2\/users\/8"}],"replies":[{"embeddable":true,"href":"https:\/\/vinasfm.com\/noticias\/wp-json\/wp\/v2\/comments?post=104777"}],"version-history":[{"count":1,"href":"https:\/\/vinasfm.com\/noticias\/wp-json\/wp\/v2\/posts\/104777\/revisions"}],"predecessor-version":[{"id":104779,"href":"https:\/\/vinasfm.com\/noticias\/wp-json\/wp\/v2\/posts\/104777\/revisions\/104779"}],"wp:featuredmedia":[{"embeddable":true,"href":"https:\/\/vinasfm.com\/noticias\/wp-json\/wp\/v2\/media\/77405"}],"wp:attachment":[{"href":"https:\/\/vinasfm.com\/noticias\/wp-json\/wp\/v2\/media?parent=104777"}],"wp:term":[{"taxonomy":"category","embeddable":true,"href":"https:\/\/vinasfm.com\/noticias\/wp-json\/wp\/v2\/categories?post=104777"},{"taxonomy":"post_tag","embeddable":true,"href":"https:\/\/vinasfm.com\/noticias\/wp-json\/wp\/v2\/tags?post=104777"}],"curies":[{"name":"wp","href":"https:\/\/api.w.org\/{rel}","templated":true}]}}