{"id":104775,"date":"2022-01-26T12:30:27","date_gmt":"2022-01-26T15:30:27","guid":{"rendered":"http:\/\/vinasfm.com\/noticias\/?p=104775"},"modified":"2022-01-27T18:23:48","modified_gmt":"2022-01-27T21:23:48","slug":"camion-protagonizo-un-incidente-vial-en-ruta-188","status":"publish","type":"post","link":"https:\/\/vinasfm.com\/noticias\/camion-protagonizo-un-incidente-vial-en-ruta-188\/","title":{"rendered":"CAMI\u00d3N PROTAGONIZ\u00d3 UN INCIDENTE VIAL EN RUTA 188"},"content":{"rendered":"<h4><span style=\"color: #000000;\"><strong>En horas del mediod\u00eda de este martes, un cami\u00f3n marca Scania sufri\u00f3 un incidente vial sobre Ruta 188 a la altura del Km 744.<\/strong><\/span><\/h4>\n<p><span style=\"color: #000000;\">Consultados por <strong>F.M. VI\u00d1AS<\/strong>, autoridades policiales rese\u00f1aron que el siniestro<strong> ocurri\u00f3 a las 12:20hs a unos 20 kil\u00f3metros al este de Bowen<\/strong>.<\/span><\/p>\n<p><span style=\"color: #000000;\">La reconstrucci\u00f3n oficial se\u00f1ala que <strong>el cami\u00f3n circulaba hacia el cardinal este<\/strong> y por razones que aun no establecidas<strong> el chofer (27) perdi\u00f3 el dominio del transporte<\/strong>, <strong>quedando el semi en el bajo y el tractor sobre la banquina noreste<\/strong>. Afortunadamente, <strong>el camionero result\u00f3 ileso. <\/strong><\/span><\/p>\n","protected":false},"excerpt":{"rendered":"<p>En horas del mediod\u00eda de este martes, un cami\u00f3n marca Scania sufri\u00f3 un incidente vial sobre Ruta 188 a la altura &#8230;<\/p>\n","protected":false},"author":8,"featured_media":83892,"comment_status":"open","ping_status":"open","sticky":false,"template":"","format":"standard","meta":{"footnotes":""},"categories":[5,4],"tags":[],"class_list":["post-104775","post","type-post","status-publish","format-standard","has-post-thumbnail","hentry","category-actualidad","category-policiales"],"_links":{"self":[{"href":"https:\/\/vinasfm.com\/noticias\/wp-json\/wp\/v2\/posts\/104775","targetHints":{"allow":["GET"]}}],"collection":[{"href":"https:\/\/vinasfm.com\/noticias\/wp-json\/wp\/v2\/posts"}],"about":[{"href":"https:\/\/vinasfm.com\/noticias\/wp-json\/wp\/v2\/types\/post"}],"author":[{"embeddable":true,"href":"https:\/\/vinasfm.com\/noticias\/wp-json\/wp\/v2\/users\/8"}],"replies":[{"embeddable":true,"href":"https:\/\/vinasfm.com\/noticias\/wp-json\/wp\/v2\/comments?post=104775"}],"version-history":[{"count":1,"href":"https:\/\/vinasfm.com\/noticias\/wp-json\/wp\/v2\/posts\/104775\/revisions"}],"predecessor-version":[{"id":104786,"href":"https:\/\/vinasfm.com\/noticias\/wp-json\/wp\/v2\/posts\/104775\/revisions\/104786"}],"wp:featuredmedia":[{"embeddable":true,"href":"https:\/\/vinasfm.com\/noticias\/wp-json\/wp\/v2\/media\/83892"}],"wp:attachment":[{"href":"https:\/\/vinasfm.com\/noticias\/wp-json\/wp\/v2\/media?parent=104775"}],"wp:term":[{"taxonomy":"category","embeddable":true,"href":"https:\/\/vinasfm.com\/noticias\/wp-json\/wp\/v2\/categories?post=104775"},{"taxonomy":"post_tag","embeddable":true,"href":"https:\/\/vinasfm.com\/noticias\/wp-json\/wp\/v2\/tags?post=104775"}],"curies":[{"name":"wp","href":"https:\/\/api.w.org\/{rel}","templated":true}]}}