{"id":104771,"date":"2022-01-26T10:58:05","date_gmt":"2022-01-26T13:58:05","guid":{"rendered":"http:\/\/vinasfm.com\/noticias\/?p=104771"},"modified":"2022-01-27T18:23:53","modified_gmt":"2022-01-27T21:23:53","slug":"abigeato-en-carmensa-se-llevaron-una-chiva-de-un-corral-en-calle-3","status":"publish","type":"post","link":"https:\/\/vinasfm.com\/noticias\/abigeato-en-carmensa-se-llevaron-una-chiva-de-un-corral-en-calle-3\/","title":{"rendered":"ABIGEATO EN CARMENSA: SE LLEVARON UNA CHIVA DE UN CORRAL EN CALLE 3"},"content":{"rendered":"<h4><span style=\"color: #000000;\"><strong>Un productor de San Pedro del Atuel sufri\u00f3 el robo de unos de sus animales de un corral que posee en calle 3.<\/strong><\/span><\/h4>\n<p><span style=\"color: #000000;\">El hecho, seg\u00fan informaron autoridades policiales,<strong> ocurri\u00f3 despu\u00e9s de las 21hs de este lunes<\/strong> luego de que el due\u00f1o se retirara del corral con chivos.<\/span><\/p>\n<p><span style=\"color: #000000;\">Al regresar, constat\u00f3 que la tranquera estaba abierta y del interior not\u00f3 el faltante de <strong>una chiva<\/strong>, color marr\u00f3n con blanco, de <strong>21kg aproximadamente<\/strong>.\u00a0<\/span><\/p>\n<p><span style=\"color: #000000;\">Trabaj\u00f3 personal de Comisar\u00eda 14\u00b0 y de Polic\u00eda Rural. Se labraron actuaciones en &#8216;<strong><em>Averiguaci\u00f3n Abigeato<\/em><\/strong>&#8216; bajo instrucci\u00f3n de la Unidad Fiscal de General Alvear.<\/span><\/p>\n","protected":false},"excerpt":{"rendered":"<p>Un productor de San Pedro del Atuel sufri\u00f3 el robo de unos de sus animales de un corral que posee en &#8230;<\/p>\n","protected":false},"author":8,"featured_media":92456,"comment_status":"open","ping_status":"open","sticky":false,"template":"","format":"standard","meta":{"footnotes":""},"categories":[5,4],"tags":[],"class_list":["post-104771","post","type-post","status-publish","format-standard","has-post-thumbnail","hentry","category-actualidad","category-policiales"],"_links":{"self":[{"href":"https:\/\/vinasfm.com\/noticias\/wp-json\/wp\/v2\/posts\/104771","targetHints":{"allow":["GET"]}}],"collection":[{"href":"https:\/\/vinasfm.com\/noticias\/wp-json\/wp\/v2\/posts"}],"about":[{"href":"https:\/\/vinasfm.com\/noticias\/wp-json\/wp\/v2\/types\/post"}],"author":[{"embeddable":true,"href":"https:\/\/vinasfm.com\/noticias\/wp-json\/wp\/v2\/users\/8"}],"replies":[{"embeddable":true,"href":"https:\/\/vinasfm.com\/noticias\/wp-json\/wp\/v2\/comments?post=104771"}],"version-history":[{"count":2,"href":"https:\/\/vinasfm.com\/noticias\/wp-json\/wp\/v2\/posts\/104771\/revisions"}],"predecessor-version":[{"id":104773,"href":"https:\/\/vinasfm.com\/noticias\/wp-json\/wp\/v2\/posts\/104771\/revisions\/104773"}],"wp:featuredmedia":[{"embeddable":true,"href":"https:\/\/vinasfm.com\/noticias\/wp-json\/wp\/v2\/media\/92456"}],"wp:attachment":[{"href":"https:\/\/vinasfm.com\/noticias\/wp-json\/wp\/v2\/media?parent=104771"}],"wp:term":[{"taxonomy":"category","embeddable":true,"href":"https:\/\/vinasfm.com\/noticias\/wp-json\/wp\/v2\/categories?post=104771"},{"taxonomy":"post_tag","embeddable":true,"href":"https:\/\/vinasfm.com\/noticias\/wp-json\/wp\/v2\/tags?post=104771"}],"curies":[{"name":"wp","href":"https:\/\/api.w.org\/{rel}","templated":true}]}}