{"id":104748,"date":"2022-01-26T15:00:09","date_gmt":"2022-01-26T18:00:09","guid":{"rendered":"http:\/\/vinasfm.com\/noticias\/?p=104748"},"modified":"2022-01-27T18:23:42","modified_gmt":"2022-01-27T21:23:42","slug":"abrio-la-inscripcion-para-la-mesa-de-concertacion-de-la-ciruela","status":"publish","type":"post","link":"https:\/\/vinasfm.com\/noticias\/abrio-la-inscripcion-para-la-mesa-de-concertacion-de-la-ciruela\/","title":{"rendered":"ABRI\u00d3 LA INSCRIPCI\u00d3N PARA LA MESA DE CONCERTACI\u00d3N DE LA CIRUELA QUE SE REALIZAR\u00c1 EN ALVEAR"},"content":{"rendered":"<h4><span style=\"color: #000000;\"><strong>El Gobierno de Mendoza, a trav\u00e9s del Ministerio de Econom\u00eda y Energ\u00eda, invita a productores agr\u00edcolas e industriales, vinculados a la producci\u00f3n de ciruela a la conformaci\u00f3n de la Mesa de Concertaci\u00f3n. El encuentro se desarrollar\u00e1 el pr\u00f3ximo jueves en el Multiespacio Bodega Fara\u00f3n, calle 10 y Ruta Provincial 188, General Alvear.<\/strong><\/span><\/h4>\n<p><span style=\"color: #000000;\">Para participar los interesados deben inscribirse en el siguiente enlace:<\/span><\/p>\n<p><span style=\"color: #000000;\"><strong><a href=\"https:\/\/docs.google.com\/forms\/d\/e\/1FAIpQLSckJhnFOMXb499cE-A5o7ykjN4Rve7_Kd7BttVGKGp1n6a6vQ\/viewform.\">https:\/\/docs.google.com\/forms\/d\/e\/1FAIpQLSckJhnFOMXb499cE-A5o7ykjN4Rve7_Kd7BttVGKGp1n6a6vQ\/viewform.<\/a><\/strong><\/span><\/p>\n<p><span style=\"color: #000000;\">Jos\u00e9 Cortez, titular de Fiscalizaci\u00f3n y Control explic\u00f3 que: \u201c<strong><em>El organismo es la autoridad de aplicaci\u00f3n y responsable de la conformaci\u00f3n y funcionamiento de la Mesa de Concertaci\u00f3n, facultad que obtuvo tras la publicaci\u00f3n del Decreto provincial N\u00b0 1.298, que reglamenta la Ley 9.133 de \u201cRegistro de Contrato de Compra Venta de Productos Agr\u00edcolas\u201d. Por lo tanto, no es responsable de los acuerdos a los que arriben industriales y productores, aunque garantiza el espacio de di\u00e1logo y acercamiento entre ambos<\/em><\/strong>\u201d.<\/span><\/p>\n<p><span style=\"color: #000000;\">La <strong>Mesa de Concertaci\u00f3n<\/strong> tiene como objetivo <strong>mejorar la competitividad, la sustentabilidad ambiental<\/strong> y, adem\u00e1s, <strong>fomentar el crecimiento y desarrollo econ\u00f3mico del sector<\/strong>. Se trabajar\u00e1n temas como <strong>costos de producci\u00f3n, calidades de los productos, situaci\u00f3n de los mercados, precios de referencia, plazos de entrega de las materias primas y modalidades de pago<\/strong>, entre otros aspectos.<\/span><\/p>\n<p><span style=\"color: #000000;\"><strong>Las asociaciones de productores e industriales de ciruela<\/strong> interesadas en formar parte de la Mesa de Concertaci\u00f3n, <strong>deber\u00e1n nominar a su representante<\/strong>, quien acreditar\u00e1 su funci\u00f3n al momento de la inscripci\u00f3n, que <strong>se realizar\u00e1 mediante la p\u00e1gina web del Ministerio de Econom\u00eda y Energ\u00eda<\/strong>.<\/span><\/p>\n<p><span style=\"color: #000000;\">Desde la cartera de Econom\u00eda explicaron que<strong> no es posible admitir participaciones individuales y, a los efectos de facilitar el di\u00e1logo, tendr\u00e1n derecho a voz los representantes de los sectores cient\u00edfico, t\u00e9cnico, p\u00fablico y privado<\/strong> invitados por la <strong>Direcci\u00f3n de Fiscalizaci\u00f3n y Control<\/strong>, los<strong> representantes del Ministerio de Econom\u00eda y Energ\u00eda<\/strong>, y los <strong>representantes de asociaciones que acrediten inscripci\u00f3n<\/strong>.<\/span><\/p>\n","protected":false},"excerpt":{"rendered":"<p>El Gobierno de Mendoza, a trav\u00e9s del Ministerio de Econom\u00eda y Energ\u00eda, invita a productores agr\u00edcolas e industriales, vinculados a la &#8230;<\/p>\n","protected":false},"author":8,"featured_media":104750,"comment_status":"open","ping_status":"open","sticky":false,"template":"","format":"standard","meta":{"footnotes":""},"categories":[5,14],"tags":[],"class_list":["post-104748","post","type-post","status-publish","format-standard","has-post-thumbnail","hentry","category-actualidad","category-agro"],"_links":{"self":[{"href":"https:\/\/vinasfm.com\/noticias\/wp-json\/wp\/v2\/posts\/104748","targetHints":{"allow":["GET"]}}],"collection":[{"href":"https:\/\/vinasfm.com\/noticias\/wp-json\/wp\/v2\/posts"}],"about":[{"href":"https:\/\/vinasfm.com\/noticias\/wp-json\/wp\/v2\/types\/post"}],"author":[{"embeddable":true,"href":"https:\/\/vinasfm.com\/noticias\/wp-json\/wp\/v2\/users\/8"}],"replies":[{"embeddable":true,"href":"https:\/\/vinasfm.com\/noticias\/wp-json\/wp\/v2\/comments?post=104748"}],"version-history":[{"count":3,"href":"https:\/\/vinasfm.com\/noticias\/wp-json\/wp\/v2\/posts\/104748\/revisions"}],"predecessor-version":[{"id":104760,"href":"https:\/\/vinasfm.com\/noticias\/wp-json\/wp\/v2\/posts\/104748\/revisions\/104760"}],"wp:featuredmedia":[{"embeddable":true,"href":"https:\/\/vinasfm.com\/noticias\/wp-json\/wp\/v2\/media\/104750"}],"wp:attachment":[{"href":"https:\/\/vinasfm.com\/noticias\/wp-json\/wp\/v2\/media?parent=104748"}],"wp:term":[{"taxonomy":"category","embeddable":true,"href":"https:\/\/vinasfm.com\/noticias\/wp-json\/wp\/v2\/categories?post=104748"},{"taxonomy":"post_tag","embeddable":true,"href":"https:\/\/vinasfm.com\/noticias\/wp-json\/wp\/v2\/tags?post=104748"}],"curies":[{"name":"wp","href":"https:\/\/api.w.org\/{rel}","templated":true}]}}