{"id":104719,"date":"2022-03-20T09:30:54","date_gmt":"2022-03-20T12:30:54","guid":{"rendered":"http:\/\/vinasfm.com\/noticias\/?p=104719"},"modified":"2022-03-28T08:49:26","modified_gmt":"2022-03-28T11:49:26","slug":"venite-a-bowen-este-viernes-comienza-el-festival-nacional-de-la-ciruela","status":"publish","type":"post","link":"https:\/\/vinasfm.com\/noticias\/venite-a-bowen-este-viernes-comienza-el-festival-nacional-de-la-ciruela\/","title":{"rendered":"\u00a1VENITE A BOWEN!: ESTE VIERNES COMIENZA EL FESTIVAL NACIONAL DE LA CIRUELA"},"content":{"rendered":"<h4><strong><span style=\"color: #000000;\">La invitaci\u00f3n la realiz\u00f3 Jaime S\u00e1nchez, presidente de la Comisi\u00f3n Amigos del Festival que organiza el popular y tradicional evento que se realiza en el distrito de Bowen. Esta nueva edici\u00f3n est\u00e1 programada para los d\u00edas viernes 25, s\u00e1bado 26 y domingo 27.<\/span><\/strong><\/h4>\n<p><span style=\"color: #000000;\">En di\u00e1logo con <strong>F.M. Vi\u00f1as<\/strong> asever\u00f3: &#8216;<strong><em>Ya est\u00e1 la fecha para el 25 y 26 y muy probablemente el 27 estamos tratando de organizar una jineteada y la organizaci\u00f3n de una rifa<\/em><\/strong>&#8216;.<\/span><\/p>\n<div id=\"attachment_46563\" style=\"width: 253px\" class=\"wp-caption alignright\"><a style=\"color: #000000;\" href=\"http:\/\/vinasfm.com\/noticias\/wp-content\/uploads\/2019\/01\/jaime-sanchez-fiesta-de-la-ciruela.jpg\"><img loading=\"lazy\" decoding=\"async\" aria-describedby=\"caption-attachment-46563\" class=\" wp-image-46563\" src=\"http:\/\/vinasfm.com\/noticias\/wp-content\/uploads\/2019\/01\/jaime-sanchez-fiesta-de-la-ciruela-300x225.jpg\" alt=\"\" width=\"253\" height=\"190\" srcset=\"https:\/\/vinasfm.com\/noticias\/wp-content\/uploads\/2019\/01\/jaime-sanchez-fiesta-de-la-ciruela-300x225.jpg 300w, https:\/\/vinasfm.com\/noticias\/wp-content\/uploads\/2019\/01\/jaime-sanchez-fiesta-de-la-ciruela-768x576.jpg 768w, https:\/\/vinasfm.com\/noticias\/wp-content\/uploads\/2019\/01\/jaime-sanchez-fiesta-de-la-ciruela-1024x768.jpg 1024w\" sizes=\"auto, (max-width: 253px) 100vw, 253px\" \/><\/a><p id=\"caption-attachment-46563\" class=\"wp-caption-text\"><span style=\"color: #000000;\">Jaime S\u00e1nchez, presidente de la comisi\u00f3n &#8216;Amigos del Festival&#8217;.<\/span><\/p><\/div>\n<p><span style=\"color: #000000;\">Consultado sobre el <strong>artistario<\/strong>, S\u00e1nchez indic\u00f3 que<em><strong> ya lo tienen armado<\/strong> <\/em>y que en los pr\u00f3ximos d\u00edas se dar\u00e1 a conocer: &#8216;<strong><em>Sabemos que de Naci\u00f3n enviar\u00e1n un par de artistas importantes, de primer nivel. Veremos desde la provincia y del departamento qu\u00e9 ayuda nos proponen<\/em><\/strong>&#8216;, y respecto a la colaboraci\u00f3n por parte del Municipio coment\u00f3: &#8216;<strong><em>Fui a una reuni\u00f3n con el intendente para conversar y acordar la ayuda que nos pueda facilitar<\/em><\/strong>&#8216;.<\/span><\/p>\n<p><span style=\"color: #000000;\">Sobre la<strong> rifa<\/strong> adelant\u00f3 que los vecinos puedan sumarse abonando <strong>$1000<\/strong>: &#8216;<strong><em>Los premios ser\u00e1n tres motos o el dinero en efectivo (valor de los rodados) y premios quincenales en \u00f3rdenes de compra o dinero efectivo<\/em><\/strong>&#8216;, explic\u00f3. Finalmente, indic\u00f3 que <strong>la entrada al Festival ser\u00e1 gratuita<\/strong>.\u00a0<\/span><\/p>\n<p><a href=\"http:\/\/vinasfm.com\/noticias\/wp-content\/uploads\/2022\/03\/c7ece4c2-060c-4374-b5e2-0572b6ac695a.jpg\"><img loading=\"lazy\" decoding=\"async\" class=\" wp-image-106897 aligncenter\" src=\"http:\/\/vinasfm.com\/noticias\/wp-content\/uploads\/2022\/03\/c7ece4c2-060c-4374-b5e2-0572b6ac695a-300x212.jpg\" alt=\"\" width=\"521\" height=\"368\" srcset=\"https:\/\/vinasfm.com\/noticias\/wp-content\/uploads\/2022\/03\/c7ece4c2-060c-4374-b5e2-0572b6ac695a-300x212.jpg 300w, https:\/\/vinasfm.com\/noticias\/wp-content\/uploads\/2022\/03\/c7ece4c2-060c-4374-b5e2-0572b6ac695a-1024x723.jpg 1024w, https:\/\/vinasfm.com\/noticias\/wp-content\/uploads\/2022\/03\/c7ece4c2-060c-4374-b5e2-0572b6ac695a-768x543.jpg 768w, https:\/\/vinasfm.com\/noticias\/wp-content\/uploads\/2022\/03\/c7ece4c2-060c-4374-b5e2-0572b6ac695a.jpg 1080w\" sizes=\"auto, (max-width: 521px) 100vw, 521px\" \/><\/a><\/p>\n","protected":false},"excerpt":{"rendered":"<p>La invitaci\u00f3n la realiz\u00f3 Jaime S\u00e1nchez, presidente de la Comisi\u00f3n Amigos del Festival que organiza el popular y tradicional evento que &#8230;<\/p>\n","protected":false},"author":8,"featured_media":47818,"comment_status":"open","ping_status":"open","sticky":false,"template":"","format":"standard","meta":{"footnotes":""},"categories":[5,11],"tags":[],"class_list":["post-104719","post","type-post","status-publish","format-standard","has-post-thumbnail","hentry","category-actualidad","category-sociales"],"_links":{"self":[{"href":"https:\/\/vinasfm.com\/noticias\/wp-json\/wp\/v2\/posts\/104719","targetHints":{"allow":["GET"]}}],"collection":[{"href":"https:\/\/vinasfm.com\/noticias\/wp-json\/wp\/v2\/posts"}],"about":[{"href":"https:\/\/vinasfm.com\/noticias\/wp-json\/wp\/v2\/types\/post"}],"author":[{"embeddable":true,"href":"https:\/\/vinasfm.com\/noticias\/wp-json\/wp\/v2\/users\/8"}],"replies":[{"embeddable":true,"href":"https:\/\/vinasfm.com\/noticias\/wp-json\/wp\/v2\/comments?post=104719"}],"version-history":[{"count":10,"href":"https:\/\/vinasfm.com\/noticias\/wp-json\/wp\/v2\/posts\/104719\/revisions"}],"predecessor-version":[{"id":106898,"href":"https:\/\/vinasfm.com\/noticias\/wp-json\/wp\/v2\/posts\/104719\/revisions\/106898"}],"wp:featuredmedia":[{"embeddable":true,"href":"https:\/\/vinasfm.com\/noticias\/wp-json\/wp\/v2\/media\/47818"}],"wp:attachment":[{"href":"https:\/\/vinasfm.com\/noticias\/wp-json\/wp\/v2\/media?parent=104719"}],"wp:term":[{"taxonomy":"category","embeddable":true,"href":"https:\/\/vinasfm.com\/noticias\/wp-json\/wp\/v2\/categories?post=104719"},{"taxonomy":"post_tag","embeddable":true,"href":"https:\/\/vinasfm.com\/noticias\/wp-json\/wp\/v2\/tags?post=104719"}],"curies":[{"name":"wp","href":"https:\/\/api.w.org\/{rel}","templated":true}]}}