{"id":104615,"date":"2022-01-24T00:01:05","date_gmt":"2022-01-24T03:01:05","guid":{"rendered":"http:\/\/vinasfm.com\/noticias\/?p=104615"},"modified":"2022-01-24T08:31:24","modified_gmt":"2022-01-24T11:31:24","slug":"mendoza-el-dia-viernes-reporto-3-600-nuevos-casos-de-covid-19","status":"publish","type":"post","link":"https:\/\/vinasfm.com\/noticias\/mendoza-el-dia-viernes-reporto-3-600-nuevos-casos-de-covid-19\/","title":{"rendered":"TERCERA OLA DE COVID EN MENDOZA: LA POSITIVIDAD SIGUE POR ENCIMA DEL 50%"},"content":{"rendered":"<h4><span style=\"color: #000000;\"><strong>El Gobierno de Mendoza, a trav\u00e9s del Ministerio de Salud, Desarrollo Social y Deportes, informa las cantidades de personas positivas, recuperadas y fallecidas por COVID-19. Tambi\u00e9n se comunican las cantidades de PCR y test de ant\u00edgenos realizados en las \u00faltimas 24 horas.<\/strong><\/span><\/h4>\n<p><span style=\"color: #000000;\">Los datos se desprenden del Sistema Integrado de Informaci\u00f3n Sanitaria Argentina (SISA), los cuales son proporcionados por los hospitales, centros de salud y establecimientos de aislamiento extrahospitalarios de la provincia.\u00a0Se informa\u00a0la\u00a0<strong>recuperaci\u00f3n de 3.467 pacientes con COVID-19.<\/strong><\/span><\/p>\n<p><span style=\"color: #000000;\">Asimismo, la Red de Laboratorios del Ministerio de Salud, Desarrollo Social y Deportes de la Provincia inform\u00f3 que entre las \u00faltimas horas de ayer y hoy\u00a0<strong>se procesaron 4.500 determinaciones:<\/strong><\/span><\/p>\n<ul>\n<li><span style=\"color: #000000;\"><strong>2.146 fueron negativas.<\/strong><\/span><\/li>\n<li><span style=\"color: #000000;\"><strong>2.354 nuevos casos positivos.<\/strong><\/span><\/li>\n<\/ul>\n<p><span style=\"color: #000000;\">En cuanto a la cantidad de\u00a0<strong>fallecidos<\/strong>, se reportaron:<\/span><\/p>\n<ul>\n<li><span style=\"color: #000000;\"><strong>1 en las \u00faltimas 48 horas.<\/strong><\/span><\/li>\n<li><span style=\"color: #000000;\">2<strong>\u00a0seg\u00fan la carga en SISA, reportado con fechas anteriores.<\/strong><\/span><\/li>\n<\/ul>\n<p><span style=\"color: #000000;\">La provincia de\u00a0<strong>Mendoza registra hasta hoy:<\/strong><\/span><\/p>\n<ul>\n<li><span style=\"color: #000000;\"><strong>248.366 casos positivos confirmados COVID-19.<\/strong><\/span><\/li>\n<li><span style=\"color: #000000;\"><strong>216.703 personas recuperadas COVID-19.<\/strong><\/span><\/li>\n<li><span style=\"color: #000000;\"><strong>4.722 fallecimientos por COVID-19.<\/strong><\/span><\/li>\n<\/ul>\n","protected":false},"excerpt":{"rendered":"<p>El Gobierno de Mendoza, a trav\u00e9s del Ministerio de Salud, Desarrollo Social y Deportes, informa las cantidades de personas positivas, recuperadas &#8230;<\/p>\n","protected":false},"author":7,"featured_media":67225,"comment_status":"open","ping_status":"open","sticky":false,"template":"","format":"standard","meta":{"footnotes":""},"categories":[5,62],"tags":[],"class_list":["post-104615","post","type-post","status-publish","format-standard","has-post-thumbnail","hentry","category-actualidad","category-coronavirus"],"_links":{"self":[{"href":"https:\/\/vinasfm.com\/noticias\/wp-json\/wp\/v2\/posts\/104615","targetHints":{"allow":["GET"]}}],"collection":[{"href":"https:\/\/vinasfm.com\/noticias\/wp-json\/wp\/v2\/posts"}],"about":[{"href":"https:\/\/vinasfm.com\/noticias\/wp-json\/wp\/v2\/types\/post"}],"author":[{"embeddable":true,"href":"https:\/\/vinasfm.com\/noticias\/wp-json\/wp\/v2\/users\/7"}],"replies":[{"embeddable":true,"href":"https:\/\/vinasfm.com\/noticias\/wp-json\/wp\/v2\/comments?post=104615"}],"version-history":[{"count":3,"href":"https:\/\/vinasfm.com\/noticias\/wp-json\/wp\/v2\/posts\/104615\/revisions"}],"predecessor-version":[{"id":104644,"href":"https:\/\/vinasfm.com\/noticias\/wp-json\/wp\/v2\/posts\/104615\/revisions\/104644"}],"wp:featuredmedia":[{"embeddable":true,"href":"https:\/\/vinasfm.com\/noticias\/wp-json\/wp\/v2\/media\/67225"}],"wp:attachment":[{"href":"https:\/\/vinasfm.com\/noticias\/wp-json\/wp\/v2\/media?parent=104615"}],"wp:term":[{"taxonomy":"category","embeddable":true,"href":"https:\/\/vinasfm.com\/noticias\/wp-json\/wp\/v2\/categories?post=104615"},{"taxonomy":"post_tag","embeddable":true,"href":"https:\/\/vinasfm.com\/noticias\/wp-json\/wp\/v2\/tags?post=104615"}],"curies":[{"name":"wp","href":"https:\/\/api.w.org\/{rel}","templated":true}]}}