{"id":104590,"date":"2022-01-22T23:59:17","date_gmt":"2022-01-23T02:59:17","guid":{"rendered":"http:\/\/vinasfm.com\/noticias\/?p=104590"},"modified":"2022-01-24T20:49:16","modified_gmt":"2022-01-24T23:49:16","slug":"comienza-la-cuenta-regresiva-sarr","status":"publish","type":"post","link":"https:\/\/vinasfm.com\/noticias\/comienza-la-cuenta-regresiva-sarr\/","title":{"rendered":"COMIENZA LA CUENTA REGRESIVA PARA EL SARR 2022"},"content":{"rendered":"<h4><span style=\"color: #000000;\"><strong>Ya est\u00e1n los \u00faltimos detalles para que inicio, el 17 de febrero en la provincia de La Rioja, en la primera de las nueve etapas.\u00a0<\/strong><\/span><\/h4>\n<p><span style=\"color: #000000;\">Los <a style=\"color: #000000;\" href=\"https:\/\/www.sarr2022.com\/competidores\/?utm_source=email_marketing&amp;utm_admin=112801&amp;utm_medium=email&amp;utm_campaign=D_Cuenta_Regresiva_SARR\">Protagonistas <\/a>desde distintos pa\u00edses llegar\u00e1n a engrillar la partida del SARR2022. El desaf\u00edo americano cuenta los d\u00edas para dar comienzo a su 3\u00b0 edici\u00f3n en Argentina. El cron\u00f3metro dar\u00e1 la salida en La Rioja el d\u00eda 17 de febrero cuando inicie la primera de 9 Etapas. <\/span><\/p>\n<p><span style=\"color: #000000;\">Pero antes deber\u00e1n cumplimentar las Verificaciones Administrativas y T\u00e9cnicas desde el martes 15. Esto ser\u00e1 en el Predio Estadio Super Domo (Punto GPS -29.4405226, -66.8933192), donde estar\u00e1 enclavado el Vivac. All\u00ed los Pilotos y Navegantes llegar\u00e1n con las ansias de ser parte del South American Rally Race, y alcanzar la meta final. El solo hecho de ser \u201cfinisher\u201d es un lauro inigualable.<\/span><\/p>\n<h4><span style=\"color: #000000;\"><strong>Revoluci\u00f3n Americana<\/strong><\/span><\/h4>\n<p><span style=\"color: #000000;\">Gran expectativa se despert\u00f3 luego del anuncio formal el pasado 17 de Enero. Todo el ambiente motor est\u00e1 atento a lo que suceder\u00e1 en la pr\u00f3xima edici\u00f3n del SARR2022. Es que all\u00ed tendr\u00e1 comienzo el 1\u00b0 Campeonato Sudamericano F.I.M. para Motos, Quad, y UTV.<\/span><\/p>\n<p><span style=\"color: #000000;\">Ser\u00e1 \u00e9ste un hito en la especialidad Rally Raid de la mano de quienes vienen organizado el CANAV Rally Raid y el South American Rally Race. Desde la Rep\u00fablica Argentina para el resto del continente, ven con buenos ojos esta tercera edici\u00f3n. Desde el pr\u00f3ximo 14 de febrero y hasta el 26 inclusive, los Riders tendr\u00e1n la posibilidad de aceptar o no el desaf\u00edo de subir a lo m\u00e1s alto del Podio americano.<\/span><\/p>\n<p><span style=\"color: #000000;\">Ser\u00e1 en 2 fechas correlativas, donde ambas recorrer\u00e1n algo m\u00e1s de 4.000 km y 5 provincias del Pa\u00eds anfitri\u00f3n. Los escenarios elegidos tendr\u00e1n todos los exigentes terrenos desde la Cordillera de los Andes hasta el oc\u00e9ano Atl\u00e1ntico.<\/span><\/p>\n<p><span style=\"color: #000000;\">Por estas horas, sin incesantes las consultas para inscribirse de \u00faltimo momento. La Asociaci\u00f3n Argentina de Rally Raid trabaja a destajo para facilitar toda la log\u00edstica a Equipos extranjeros que quieren estar presentes en este hecho hist\u00f3rico.<\/span><\/p>\n<h4><span style=\"color: #000000;\"><strong>Vivacs:<\/strong><\/span><\/h4>\n<p><span style=\"color: #000000;\">Todos ultiman detalles<\/span><br \/>\n<span style=\"color: #000000;\">Las distintas ciudades ultiman detalles para lo que ser\u00e1 cada uno de los Vivac\u2019s. Es que a ciencia cierta, desde los distintos Entes gubernamentales apuestan a un evento internacional de jerarqu\u00eda que dejar\u00e1 un impacto positivo desde lo deportivo y tur\u00edstico. La caravana multicolor de SARR2022 desembarcar\u00e1 para quedarse. As\u00ed lo ven aquellos que trabajan en cada detalle. Todos apuestan a que ser\u00e1 un antes y un despu\u00e9s pensando ya en el 2023.<\/span><\/p>\n<p><span style=\"color: #000000;\">Los servicios que los Equipos y Pilotos requieran para tal desaf\u00edo, est\u00e1n en la mira. Los detalles menores son los que restan cuando a\u00fan faltan semanas para el comienzo. La camarader\u00eda ser\u00e1 una variable para cada Team.<\/span><\/p>\n<p><span style=\"color: #000000;\">Los Medios de comunicaci\u00f3n locales siguen atentos lo que se viene. Y la afici\u00f3n no es ajena a tal evento internacional. La pasi\u00f3n vibra en \u00e9sta cuenta regresiva.<\/span><\/p>\n","protected":false},"excerpt":{"rendered":"<p>Ya est\u00e1n los \u00faltimos detalles para que inicio, el 17 de febrero en la provincia de La Rioja, en la primera &#8230;<\/p>\n","protected":false},"author":7,"featured_media":104505,"comment_status":"open","ping_status":"open","sticky":false,"template":"","format":"standard","meta":{"footnotes":""},"categories":[5,3],"tags":[],"class_list":["post-104590","post","type-post","status-publish","format-standard","has-post-thumbnail","hentry","category-actualidad","category-deportes"],"_links":{"self":[{"href":"https:\/\/vinasfm.com\/noticias\/wp-json\/wp\/v2\/posts\/104590","targetHints":{"allow":["GET"]}}],"collection":[{"href":"https:\/\/vinasfm.com\/noticias\/wp-json\/wp\/v2\/posts"}],"about":[{"href":"https:\/\/vinasfm.com\/noticias\/wp-json\/wp\/v2\/types\/post"}],"author":[{"embeddable":true,"href":"https:\/\/vinasfm.com\/noticias\/wp-json\/wp\/v2\/users\/7"}],"replies":[{"embeddable":true,"href":"https:\/\/vinasfm.com\/noticias\/wp-json\/wp\/v2\/comments?post=104590"}],"version-history":[{"count":4,"href":"https:\/\/vinasfm.com\/noticias\/wp-json\/wp\/v2\/posts\/104590\/revisions"}],"predecessor-version":[{"id":104658,"href":"https:\/\/vinasfm.com\/noticias\/wp-json\/wp\/v2\/posts\/104590\/revisions\/104658"}],"wp:featuredmedia":[{"embeddable":true,"href":"https:\/\/vinasfm.com\/noticias\/wp-json\/wp\/v2\/media\/104505"}],"wp:attachment":[{"href":"https:\/\/vinasfm.com\/noticias\/wp-json\/wp\/v2\/media?parent=104590"}],"wp:term":[{"taxonomy":"category","embeddable":true,"href":"https:\/\/vinasfm.com\/noticias\/wp-json\/wp\/v2\/categories?post=104590"},{"taxonomy":"post_tag","embeddable":true,"href":"https:\/\/vinasfm.com\/noticias\/wp-json\/wp\/v2\/tags?post=104590"}],"curies":[{"name":"wp","href":"https:\/\/api.w.org\/{rel}","templated":true}]}}