{"id":104588,"date":"2022-01-20T14:26:28","date_gmt":"2022-01-20T17:26:28","guid":{"rendered":"http:\/\/vinasfm.com\/noticias\/?p=104588"},"modified":"2022-01-21T09:50:53","modified_gmt":"2022-01-21T12:50:53","slug":"pena-folclorica-llega-a-costanera-suena","status":"publish","type":"post","link":"https:\/\/vinasfm.com\/noticias\/pena-folclorica-llega-a-costanera-suena\/","title":{"rendered":"&#8216;PE\u00d1A FOLCL\u00d3RICA&#8217;, LLEGA A COSTANERA SUENA"},"content":{"rendered":"<h4><span style=\"color: #000000;\">Con la temporada de verano llega, Costanera Suena con propuestas para disfrutar todos los jueves, al lado del rio compartir buena muisca, diferentes artistas y compartir con amigos y familia. Este jueves a Costanera Suena llega una &#8216;Pe\u00f1a Folcl\u00f3rica&#8217;.\u00a0<\/span><\/h4>\n<p><span style=\"color: #000000;\">Desde hace un a\u00f1o, se realiza costanera suena un lugar que aloja y da espacio a distintos artistas que puedan hacer llegar su m\u00fasica y arte a todos los que eligen disfrutar de una noche a orillas del rio. En di\u00e1logo con F.M. VI\u00d1AS,\u00a0 Fabiana Gonz\u00e1lez, Directora de Turismo, &#8216;Este jueves llega con una pe\u00f1a folkl\u00f3rica, van a ver tablones, sillas, una costanera transformada en una oportunidad para disfrutar m\u00fasicos por primera vez una pe\u00f1a en costanera&#8217;, resalt\u00f3.<\/span><\/p>\n<p><span style=\"color: #000000;\">&#8216;Ojal\u00e1 podamos disfrutar una linda noche folkl\u00f3rica para disfrutar del espect\u00e1culo para todos los artistas pegado al r\u00edo y con distanciamiento para poder disfrutar del espect\u00e1culo&#8217;, agreg\u00f3 Fabiana Gonz\u00e1lez.\u00a0<\/span><\/p>\n<p><span style=\"color: #000000;\">Quienes no tengan movilidad para trasladarse lo podr\u00e1n hacer en el bus tur\u00edstico, saldr\u00e1 a las 20.30 del KM0 y va a regresar cuando termine todo el espect\u00e1culo.<\/span><\/p>\n<p><span style=\"color: #000000;\">Podr\u00e1n disfrutar en costanera suena \u201cPe\u00f1a Folcl\u00f3rica\u201d al Tr\u00edo Manyin, al Ballet Municipal, Paola Mart\u00ednez y Alex Jaramillo.\u00a0<\/span><\/p>\n","protected":false},"excerpt":{"rendered":"<p>Con la temporada de verano llega, Costanera Suena con propuestas para disfrutar todos los jueves, al lado del rio compartir buena &#8230;<\/p>\n","protected":false},"author":7,"featured_media":65229,"comment_status":"open","ping_status":"open","sticky":false,"template":"","format":"standard","meta":{"footnotes":""},"categories":[5,10],"tags":[],"class_list":["post-104588","post","type-post","status-publish","format-standard","has-post-thumbnail","hentry","category-actualidad","category-destacadas"],"_links":{"self":[{"href":"https:\/\/vinasfm.com\/noticias\/wp-json\/wp\/v2\/posts\/104588","targetHints":{"allow":["GET"]}}],"collection":[{"href":"https:\/\/vinasfm.com\/noticias\/wp-json\/wp\/v2\/posts"}],"about":[{"href":"https:\/\/vinasfm.com\/noticias\/wp-json\/wp\/v2\/types\/post"}],"author":[{"embeddable":true,"href":"https:\/\/vinasfm.com\/noticias\/wp-json\/wp\/v2\/users\/7"}],"replies":[{"embeddable":true,"href":"https:\/\/vinasfm.com\/noticias\/wp-json\/wp\/v2\/comments?post=104588"}],"version-history":[{"count":1,"href":"https:\/\/vinasfm.com\/noticias\/wp-json\/wp\/v2\/posts\/104588\/revisions"}],"predecessor-version":[{"id":104589,"href":"https:\/\/vinasfm.com\/noticias\/wp-json\/wp\/v2\/posts\/104588\/revisions\/104589"}],"wp:featuredmedia":[{"embeddable":true,"href":"https:\/\/vinasfm.com\/noticias\/wp-json\/wp\/v2\/media\/65229"}],"wp:attachment":[{"href":"https:\/\/vinasfm.com\/noticias\/wp-json\/wp\/v2\/media?parent=104588"}],"wp:term":[{"taxonomy":"category","embeddable":true,"href":"https:\/\/vinasfm.com\/noticias\/wp-json\/wp\/v2\/categories?post=104588"},{"taxonomy":"post_tag","embeddable":true,"href":"https:\/\/vinasfm.com\/noticias\/wp-json\/wp\/v2\/tags?post=104588"}],"curies":[{"name":"wp","href":"https:\/\/api.w.org\/{rel}","templated":true}]}}