{"id":104579,"date":"2022-01-21T05:15:17","date_gmt":"2022-01-21T08:15:17","guid":{"rendered":"http:\/\/vinasfm.com\/noticias\/?p=104579"},"modified":"2022-01-22T10:57:25","modified_gmt":"2022-01-22T13:57:25","slug":"mendoza-se-refistraron-4-524-casos-positivos-de-covid-19","status":"publish","type":"post","link":"https:\/\/vinasfm.com\/noticias\/mendoza-se-refistraron-4-524-casos-positivos-de-covid-19\/","title":{"rendered":"MENDOZA: SE REGISTRAR\u00d3N 4.524 CASOS POSITIVOS DE COVID-19"},"content":{"rendered":"<h4><span style=\"color: #000000;\">El Ministerio de Salud de Mendoza report\u00f3 para el d\u00eda domingo 4.524 nuevos casos de coronavirus. Tambi\u00e9n se registr\u00f3 el falleci\u00f3 de tres pacientes.<\/span><\/h4>\n<p><span style=\"color: #000000;\">Los datos se desprende del Sistema Integrado de Informaci\u00f3n Sanitaria Argentina (SISA), los cuales son proporcionados por los hospitales, centros de salud y establecimientos de aislamiento extrahospitalarios de la provincia.<\/span><\/p>\n<p><span style=\"color: #000000;\"><strong><em>Desde el \u00faltimo reporte se procesaron 7.854 determinaciones.<\/em><\/strong><\/span><\/p>\n<ul>\n<li><span style=\"color: #000000;\">3.300 fueron negativas.<\/span><\/li>\n<li><span style=\"color: #000000;\">4.524 nuevos casos positivos.<\/span><\/li>\n<li><span style=\"color: #000000;\">2 fallecimiento, seg\u00fan la carga en SISA, reportados con fechas anteriores.<\/span><\/li>\n<\/ul>\n<p><span style=\"color: #000000;\"><em><strong>La provincia de Mendoza registra hasta hoy:<\/strong><\/em><\/span><\/p>\n<ul>\n<li><span style=\"color: #000000;\">238.855 casos positivos confirmados COVID-19.<\/span><\/li>\n<li><span style=\"color: #000000;\">206.501 personas recuperadas COVID-19.<\/span><\/li>\n<li><span style=\"color: #000000;\">4.712 mendocinos fallecimientos por COVID-19.<\/span><\/li>\n<\/ul>\n","protected":false},"excerpt":{"rendered":"<p>El Ministerio de Salud de Mendoza report\u00f3 para el d\u00eda domingo 4.524 nuevos casos de coronavirus. Tambi\u00e9n se registr\u00f3 el falleci\u00f3 &#8230;<\/p>\n","protected":false},"author":7,"featured_media":4206,"comment_status":"open","ping_status":"open","sticky":false,"template":"","format":"standard","meta":{"footnotes":""},"categories":[5,62],"tags":[],"class_list":["post-104579","post","type-post","status-publish","format-standard","has-post-thumbnail","hentry","category-actualidad","category-coronavirus"],"_links":{"self":[{"href":"https:\/\/vinasfm.com\/noticias\/wp-json\/wp\/v2\/posts\/104579","targetHints":{"allow":["GET"]}}],"collection":[{"href":"https:\/\/vinasfm.com\/noticias\/wp-json\/wp\/v2\/posts"}],"about":[{"href":"https:\/\/vinasfm.com\/noticias\/wp-json\/wp\/v2\/types\/post"}],"author":[{"embeddable":true,"href":"https:\/\/vinasfm.com\/noticias\/wp-json\/wp\/v2\/users\/7"}],"replies":[{"embeddable":true,"href":"https:\/\/vinasfm.com\/noticias\/wp-json\/wp\/v2\/comments?post=104579"}],"version-history":[{"count":2,"href":"https:\/\/vinasfm.com\/noticias\/wp-json\/wp\/v2\/posts\/104579\/revisions"}],"predecessor-version":[{"id":104598,"href":"https:\/\/vinasfm.com\/noticias\/wp-json\/wp\/v2\/posts\/104579\/revisions\/104598"}],"wp:featuredmedia":[{"embeddable":true,"href":"https:\/\/vinasfm.com\/noticias\/wp-json\/wp\/v2\/media\/4206"}],"wp:attachment":[{"href":"https:\/\/vinasfm.com\/noticias\/wp-json\/wp\/v2\/media?parent=104579"}],"wp:term":[{"taxonomy":"category","embeddable":true,"href":"https:\/\/vinasfm.com\/noticias\/wp-json\/wp\/v2\/categories?post=104579"},{"taxonomy":"post_tag","embeddable":true,"href":"https:\/\/vinasfm.com\/noticias\/wp-json\/wp\/v2\/tags?post=104579"}],"curies":[{"name":"wp","href":"https:\/\/api.w.org\/{rel}","templated":true}]}}