{"id":104558,"date":"2022-01-20T09:57:16","date_gmt":"2022-01-20T12:57:16","guid":{"rendered":"http:\/\/vinasfm.com\/noticias\/?p=104558"},"modified":"2022-01-21T08:24:01","modified_gmt":"2022-01-21T11:24:01","slug":"mendoza-cambia-sus-criterios-para-hisopar-hisopar-en-centros-gratuitos","status":"publish","type":"post","link":"https:\/\/vinasfm.com\/noticias\/mendoza-cambia-sus-criterios-para-hisopar-hisopar-en-centros-gratuitos\/","title":{"rendered":"MENDOZA CAMBIA SUS CRITERIOS PARA HISOPAR EN CENTROS GRATUITOS"},"content":{"rendered":"<h4><span style=\"color: #000000;\">La novedad fue anunciada d\u00edas atr\u00e1s, no obstante la concurrencia a los centros de testeo sigue siendo alta y -en muchos casos- las personas se enteran de que no ser\u00e1n hisopadas por no entrar en el nuevo grupo objetivo. Aqu\u00ed, los detalles de c\u00f3mo funcionan los nuevos lineamientos sanitarios.\u00a0<\/span><\/h4>\n<p><span style=\"color: #000000;\">En el marco de un notorio crecimiento en las infecciones por coronavirus en\u00a0<strong>Mendoza\u00a0<\/strong>en el \u00faltimo tiempo, el avance de la variante \u00f3micron y un\u00a0\u00edndice de\u00a0positividad en los testeos que\u00a0supera el 50%, el Gobierno decidi\u00f3 aplicar una serie de cambios respecto a\u00a0<strong>qui\u00e9nes ser\u00e1n prioridad para hisopar en los centros de testeo gratuitos distribuidos en la provincia.<\/strong><\/span><\/p>\n<p><span style=\"color: #000000;\">La principal modificaci\u00f3n comunicada\u00a0por el\u00a0Ministerio de Salud\u00a0provincial es\u00a0que priorizar\u00e1 el testeo de mayores de 60 a\u00f1os, personas con comorbilidades, embarazadas y personal de Salud y Seguridad.<\/span><\/p>\n<p><span style=\"color: #000000;\">Las autoridades lo informaron\u00a0el pasado 14 de enero, sin embargo, en los \u00faltimos d\u00edas numerosas personas\u00a0manifestaron su desconcierto al arribar a los centros de testeo\u00a0con sintomatolog\u00eda leve y enterarse que\u00a0no pueden ser\u00a0hisopados por no entrar en esos grupos espec\u00edficos.<\/span><\/p>\n<p><span style=\"color: #000000;\">Concretamente, desde la cartera sanitaria indican que quienes presenten dos o m\u00e1s s\u00edntomas leves ser\u00e1n considerados\u00a0<strong>casos\u00a0positivos por criterio cl\u00ednico epidemiol\u00f3gico<\/strong>\u00a0y se les entregar\u00e1 la certificaci\u00f3n correspondiente. Estos pueden ser\u00a0fiebre de m\u00e1s de 37.5\u00b0,\u00a0tos u odinofagia, dificultad respiratoria,\u00a0cefalea,\u00a0mialgia,\u00a0diarrea y v\u00f3mitos,\u00a0rinitis y congesti\u00f3n nasal o p\u00e9rdida repentina del gusto y el olfato.<\/span><\/p>\n<p><span style=\"color: #000000;\">Adem\u00e1s, expresan en los \u00faltimos lineamientos publicados que no requiere\u00a0hisopado quien \u00abhaya sido contacto estrecho de un caso confirmado; pertenezca a un conglomerado de casos con al menos un caso confirmado por laboratorio; haya participado de un evento o espacio social\/laboral, a partir del cual se produjeron casos (brote) o\u00a0resida en una zona con muy alta incidencia en los \u00faltimos 14 d\u00edas (superior a 500 casos c\/ 100.000 habitantes)\u00bb.<\/span><\/p>\n<p><span style=\"color: #000000;\">Pero, por otro lado,\u00a0aquellas personas que tenga s\u00edntomas de gravedad s\u00ed\u00a0ser\u00e1n testeadas y tendr\u00e1n la evaluaci\u00f3n cl\u00ednica debida.\u00a0<\/span><\/p>\n<p><span style=\"color: #000000;\">El\u00a0<strong>Ministerio<\/strong>\u00a0<strong>de Salud de la Naci\u00f3n\u00a0<\/strong>record\u00f3\u00a0las recomendaciones sobre c\u00f3mo proceder en caso de ser contacto estrecho, es decir, haber estado en contacto por m\u00e1s de 15 minutos sin barbijo o en lugar cerrado con una persona con coronavirus durante el momento en que presentaba s\u00edntomas o las 48 horas previas.<\/span><\/p>\n<p><span style=\"color: #000000;\">Si una persona se notifica de que es contacto estrecho pero no tiene s\u00edntomas de la enfermedad, las acciones dependen seg\u00fan la situaci\u00f3n respecto de la vacunaci\u00f3n.<\/span><\/p>\n<p><span style=\"color: #000000;\">Sin vacunaci\u00f3n o con esquema de vacunaci\u00f3n incompleto (sin vacunar o con m\u00e1s de 5 meses de aplicaci\u00f3n de la \u00faltima dosis) hay que realizar 10 d\u00edas de aislamiento desde el momento del \u00faltimo contacto con el caso confirmado.<\/span><\/p>\n<p><span style=\"color: #000000;\">Con esquema inicial de vacunaci\u00f3n completo (menos de 5 meses de completado el esquema) o que hayan tenido Covid-19 en los \u00faltimos 90 d\u00edas, se exime de aislamiento preventivo pero hay que realizar un test diagn\u00f3stico entre el d\u00eda 3 y 5, adem\u00e1s de sostener cuidados de manera estricta (uso adecuado de barbijo y ambientes ventilados), evitar concurrir a eventos sociales o masivos y hacer un automonitoreo de s\u00edntomas diario.<\/span><\/p>\n<p><span style=\"color: #000000;\">Con dosis de refuerzo con m\u00e1s de 14 d\u00edas de aplicada, la persona queda eximida de hacer aislamiento preventivo aunque debe extremar los cuidados, indic\u00f3 en sus recomendaciones la cartera sanitaria.<\/span><\/p>\n","protected":false},"excerpt":{"rendered":"<p>La novedad fue anunciada d\u00edas atr\u00e1s, no obstante la concurrencia a los centros de testeo sigue siendo alta y -en muchos &#8230;<\/p>\n","protected":false},"author":7,"featured_media":92546,"comment_status":"open","ping_status":"open","sticky":false,"template":"","format":"standard","meta":{"footnotes":""},"categories":[5,10],"tags":[],"class_list":["post-104558","post","type-post","status-publish","format-standard","has-post-thumbnail","hentry","category-actualidad","category-destacadas"],"_links":{"self":[{"href":"https:\/\/vinasfm.com\/noticias\/wp-json\/wp\/v2\/posts\/104558","targetHints":{"allow":["GET"]}}],"collection":[{"href":"https:\/\/vinasfm.com\/noticias\/wp-json\/wp\/v2\/posts"}],"about":[{"href":"https:\/\/vinasfm.com\/noticias\/wp-json\/wp\/v2\/types\/post"}],"author":[{"embeddable":true,"href":"https:\/\/vinasfm.com\/noticias\/wp-json\/wp\/v2\/users\/7"}],"replies":[{"embeddable":true,"href":"https:\/\/vinasfm.com\/noticias\/wp-json\/wp\/v2\/comments?post=104558"}],"version-history":[{"count":2,"href":"https:\/\/vinasfm.com\/noticias\/wp-json\/wp\/v2\/posts\/104558\/revisions"}],"predecessor-version":[{"id":104565,"href":"https:\/\/vinasfm.com\/noticias\/wp-json\/wp\/v2\/posts\/104558\/revisions\/104565"}],"wp:featuredmedia":[{"embeddable":true,"href":"https:\/\/vinasfm.com\/noticias\/wp-json\/wp\/v2\/media\/92546"}],"wp:attachment":[{"href":"https:\/\/vinasfm.com\/noticias\/wp-json\/wp\/v2\/media?parent=104558"}],"wp:term":[{"taxonomy":"category","embeddable":true,"href":"https:\/\/vinasfm.com\/noticias\/wp-json\/wp\/v2\/categories?post=104558"},{"taxonomy":"post_tag","embeddable":true,"href":"https:\/\/vinasfm.com\/noticias\/wp-json\/wp\/v2\/tags?post=104558"}],"curies":[{"name":"wp","href":"https:\/\/api.w.org\/{rel}","templated":true}]}}