{"id":104555,"date":"2022-01-20T08:26:03","date_gmt":"2022-01-20T11:26:03","guid":{"rendered":"http:\/\/vinasfm.com\/noticias\/?p=104555"},"modified":"2022-01-21T08:47:10","modified_gmt":"2022-01-21T11:47:10","slug":"contacto-estrecho-o-contagio-de-covid-19-el-gobierno-aclaro-en-que-momento-se-puede-volver-al-trabajo-segun-el-esquema-de-vacunacion","status":"publish","type":"post","link":"https:\/\/vinasfm.com\/noticias\/contacto-estrecho-o-contagio-de-covid-19-el-gobierno-aclaro-en-que-momento-se-puede-volver-al-trabajo-segun-el-esquema-de-vacunacion\/","title":{"rendered":"CONTACTO ESTRECHO O CONTAGIO DE COVID-19: EL GOBIERNO ACLAR\u00d3 EN QU\u00c9 MOMENTO SE PUEDE VOLVER AL TRABAJO SEG\u00daN EL ESQUEMA DE VACUNACI\u00d3N"},"content":{"rendered":"<h4><span style=\"color: #000000;\">La explicaci\u00f3n fue publicada este mi\u00e9rcoles en el Bolet\u00edn Oficial, a trav\u00e9s de la Resoluci\u00f3n 27\/2022 del Ministerio de Trabajo, Empleo y Seguridad Social.<\/span><\/h4>\n<p class=\"paragraph\"><span style=\"color: #000000;\">Luego de las\u00a0modificaciones en el protocolo de aislamiento, el Gobierno Nacional aclar\u00f3 en qu\u00e9 momento pueden volver a trabajar de forma presencial aquellas personas contagiadas con COVID-19 o que han sido contacto estrecho de un tercero infectado.<\/span><\/p>\n<p class=\"paragraph\"><span style=\"color: #000000;\">La explicaci\u00f3n fue publicada este mi\u00e9rcoles en el\u00a0<b>Bolet\u00edn Oficia<\/b>l, a trav\u00e9s de la\u00a0<b>Resoluci\u00f3n 27\/2022<\/b>\u00a0del\u00a0<b>Ministerio de Trabajo, Empleo y Seguridad Social.\u00a0<\/b><\/span><\/p>\n<p class=\"paragraph\"><span style=\"color: #000000;\">Pese al aumento exponencial de contagios, gracias a la cobertura de la campa\u00f1a de vacunaci\u00f3n, la cartera de Trabajo tom\u00f3 las recomendaciones elaboradas por el\u00a0<b>Ministerio de Salud\u00a0<\/b>en el actual contexto epidemiol\u00f3gico y resolvi\u00f3 que\u00a0<b>\u201clos trabajadores y trabajadoras que tengan diagn\u00f3stico de COVID-19 que no hayan requerido internaci\u00f3n, podr\u00e1n reincorporarse a sus actividades sin necesidad de presentar resultado de test negativo ni certificado de alta\u201d<\/b>, en las siguientes circunstancias:<\/span><\/p>\n<p class=\"paragraph\"><span style=\"color: #000000;\"><b>&#8211; Casos confirmados sin vacunaci\u00f3n o con esquema incompleto<\/b>: a los 10 d\u00edas de la fecha de inicio de s\u00edntomas o, para personas asintom\u00e1ticas, desde la fecha del diagn\u00f3stico.<\/span><\/p>\n<p class=\"paragraph\"><span style=\"color: #000000;\"><b>&#8211; Casos confirmados con esquema de vacunaci\u00f3n completo<\/b>\u00a0(con menos de 5 meses de completado el esquema o aplicada la dosis de refuerzo):\u00a0<mark class=\"hl_yellow\">a los 7 d\u00edas desde la fecha de inicio de s\u00edntomas\u00a0<\/mark>(o del diagn\u00f3stico en casos asintom\u00e1ticos), cumpliendo en los 3 d\u00edas posteriores de cuidados especiales (no concurrir a eventos masivos, ni reuniones sociales, utilizar barbijo de forma adecuada, bien ajustado, tapando nariz, boca y ment\u00f3n- en forma permanente en ambientes cerrados o abiertos donde haya otras personas, mantener la distancia, ventilar los ambientes de manera continua y extremar los cuidados ante la presencia de personas con factores de riesgo).<\/span><\/p>\n<p class=\"paragraph\"><span style=\"color: #000000;\"><b>\u201cLos resultados de laboratorio o de confirmaci\u00f3n por criterio cl\u00ednico-epidemiol\u00f3gico son visibles en la\u00a0<\/b><i><b>APP<\/b><\/i><b>\u00a0Mi Argentina\u201d<\/b>, record\u00f3 el Poder Ejecutivo.\u00a0<\/span><\/p>\n<p class=\"paragraph\"><span style=\"color: #000000;\">En el caso de los\u00a0<b>contactos estrechos asintom\u00e1ticos<\/b>, el ministerio a cargo de Claudio Moroni, indic\u00f3 que<b>\u00a0\u201cpodr\u00e1n regresar a sus actividades laborales, cumpliendo de manera estricta con las medidas de cuidado (uso de barbijo, ventilaci\u00f3n, distancia) y sin necesidad de presentar resultado de test negativo ni certificado de alta\u201d<\/b>, de acuerdo al siguiente detalle:<\/span><\/p>\n<p class=\"paragraph\"><span style=\"color: #000000;\"><b>&#8211; Contactos estrechos asintom\u00e1ticos sin vacunaci\u00f3n o con esquema incompleto<\/b>\u00a0(sin vacunar o con m\u00e1s de 5 meses de la aplicaci\u00f3n de la \u00faltima dosis):<mark class=\"hl_yellow\">\u00a0a los 10 d\u00edas desde el \u00faltimo contacto con el caso confirmado.<\/mark><\/span><\/p>\n<p class=\"paragraph\"><span style=\"color: #000000;\"><b>&#8211; Contactos estrechos asintom\u00e1ticos con esquema de vacunaci\u00f3n completo<\/b>\u00a0(esquema de dosis \u00fanica, de 2 dosis o esquema inicial con dosis adicional, seg\u00fan corresponda y menos de 5 meses de completado el esquema) o que hayan tenido COVID-19 en los \u00faltimos 90 d\u00edas: pueden volver a sus actividades laborales, siguiendo las recomendaciones jurisdiccionales; deben maximizar medidas preventivas<b>\u00a0(uso obligatorio de barbijo y ambientes con ventilaci\u00f3n cruzada permanente)<\/b>; se sugiere realizaci\u00f3n de test diagn\u00f3stico entre el tercer y quinto d\u00eda; y deben realizar automonitoreo de s\u00edntomas de forma diaria.<\/span><\/p>\n<p class=\"paragraph\"><span style=\"color: #000000;\"><b>&#8211; Contactos estrechos asintom\u00e1ticos con esquema de vacunaci\u00f3n completo + refuerzo con m\u00e1s de 14 d\u00edas de la \u00faltima aplicaci\u00f3n<\/b>: pueden volver a sus actividades laborales, siguiendo las recomendaciones jurisdiccionales; deben, maximizar medidas preventivas (uso obligatorio de barbijo y ambientes con ventilaci\u00f3n cruzada permanente); deben realizar automonitoreo de s\u00edntomas de forma diaria.<\/span><\/p>\n<p class=\"paragraph\"><span style=\"color: #000000;\">\u201cEmergi\u00f3 una nueva cepa que cambi\u00f3 el escenario, que hizo que el mundo reformule el abordaje de la pandemia\u201d, explic\u00f3 anoche la ministra de Salud,<b>\u00a0Carla Vizzotti<\/b>. En declaraciones a\u00a0<i>C5N<\/i>, fundament\u00f3 que se tom\u00f3 la decisi\u00f3n<b>\u00a0\u201cen un contexto de un per\u00edodo de incubaci\u00f3n mucho m\u00e1s corto y de transmisi\u00f3n m\u00e1s corto en las personas vacunadas, con una enfermedad leve a moderada\u201d.<\/b><\/span><\/p>\n<p class=\"paragraph\"><span style=\"color: #000000;\">No obstante, recomend\u00f3 \u201cfuertemente\u201d no a ir a eventos sociales \u201cporque son la fuente de infecci\u00f3n\u201d.<\/span><\/p>\n","protected":false},"excerpt":{"rendered":"<p>La explicaci\u00f3n fue publicada este mi\u00e9rcoles en el Bolet\u00edn Oficial, a trav\u00e9s de la Resoluci\u00f3n 27\/2022 del Ministerio de Trabajo, Empleo &#8230;<\/p>\n","protected":false},"author":7,"featured_media":96666,"comment_status":"open","ping_status":"open","sticky":false,"template":"","format":"standard","meta":{"footnotes":""},"categories":[5,62],"tags":[],"class_list":["post-104555","post","type-post","status-publish","format-standard","has-post-thumbnail","hentry","category-actualidad","category-coronavirus"],"_links":{"self":[{"href":"https:\/\/vinasfm.com\/noticias\/wp-json\/wp\/v2\/posts\/104555","targetHints":{"allow":["GET"]}}],"collection":[{"href":"https:\/\/vinasfm.com\/noticias\/wp-json\/wp\/v2\/posts"}],"about":[{"href":"https:\/\/vinasfm.com\/noticias\/wp-json\/wp\/v2\/types\/post"}],"author":[{"embeddable":true,"href":"https:\/\/vinasfm.com\/noticias\/wp-json\/wp\/v2\/users\/7"}],"replies":[{"embeddable":true,"href":"https:\/\/vinasfm.com\/noticias\/wp-json\/wp\/v2\/comments?post=104555"}],"version-history":[{"count":1,"href":"https:\/\/vinasfm.com\/noticias\/wp-json\/wp\/v2\/posts\/104555\/revisions"}],"predecessor-version":[{"id":104556,"href":"https:\/\/vinasfm.com\/noticias\/wp-json\/wp\/v2\/posts\/104555\/revisions\/104556"}],"wp:featuredmedia":[{"embeddable":true,"href":"https:\/\/vinasfm.com\/noticias\/wp-json\/wp\/v2\/media\/96666"}],"wp:attachment":[{"href":"https:\/\/vinasfm.com\/noticias\/wp-json\/wp\/v2\/media?parent=104555"}],"wp:term":[{"taxonomy":"category","embeddable":true,"href":"https:\/\/vinasfm.com\/noticias\/wp-json\/wp\/v2\/categories?post=104555"},{"taxonomy":"post_tag","embeddable":true,"href":"https:\/\/vinasfm.com\/noticias\/wp-json\/wp\/v2\/tags?post=104555"}],"curies":[{"name":"wp","href":"https:\/\/api.w.org\/{rel}","templated":true}]}}