{"id":104554,"date":"2022-01-22T23:59:08","date_gmt":"2022-01-23T02:59:08","guid":{"rendered":"http:\/\/vinasfm.com\/noticias\/?p=104554"},"modified":"2022-01-24T08:36:05","modified_gmt":"2022-01-24T11:36:05","slug":"liana-piedrafita-hizo-un-balance-sobre-las-primeras-vendimias-distritales","status":"publish","type":"post","link":"https:\/\/vinasfm.com\/noticias\/liana-piedrafita-hizo-un-balance-sobre-las-primeras-vendimias-distritales\/","title":{"rendered":"LIANA PIEDRAFITA, HIZO UN BALANCE SOBRE LAS PRIMERAS VENDIMIAS DISTRITALES"},"content":{"rendered":"<h4><span style=\"color: #000000;\">Se logro llevar a cabo dos de las fiestas de la vendimia distritales de San Pedro del Atuel y Bowen con la participaci\u00f3n de artesano, shows en vivo, comidas regionales y la presencia de los vecinos que pudieron disfrutar de noches agradables.\u00a0<\/span><\/h4>\n<p><span style=\"color: #000000;\">Luego de haber sido suspendida la realizaci\u00f3n de las fiestas distritales y las peatonales, se pudieron retomar este fin de semana y continuaran realiz\u00e1ndose con todos los cuidados y protocolos correspondientes. <em><strong>En di\u00e1logo con F.M. VI\u00d1AS, Liana Piedrafita<\/strong><\/em> Directora de Cultura realiz\u00f3 un balance un de las actividades, <strong><em>&#8216;Arrancamos la vendimia 2022, la noche esplendida hay artesanos, m\u00fasicos y el trabajo mucha gente&#8217;.\u00a0<\/em><\/strong><\/span><\/p>\n<p><span style=\"color: #000000;\"><em><strong>&#8216;Mantener la tradici\u00f3n hace que persever\u00e9 la identidad de los pueblos, creo que Mendoza no puede no tener vendimia, es una de las obras mas importantes del mundo entonces, somos un eslab\u00f3n dentro de un departamento donde se coronara en marzo en camino&#8217;<\/strong><\/em>, remarc\u00f3 de la importancia de realizar vendimia.\u00a0<\/span><\/p>\n<p><span style=\"color: #000000;\">Se han programado para este pr\u00f3ximo fin de semana dos fiestas m\u00e1s, el d\u00eda s\u00e1bado en Alvear Oeste para coronar a su representante y el d\u00eda domingo en la plaza departamental coronar a las representantes de Los Compartos y El Juncalito. <em><strong>&#8216;Mi resumen seria que nos necesitamos, que el encuentro, la diversi\u00f3n y adem\u00e1s toda la gente que trabaja, cada fin de semana que hay un encuentro, eso nos levanta el anim\u00f3 y no levanta las defensa&#8217;, destac\u00f3 al finalizar la Directora de Cultura.<\/strong><\/em><\/span><\/p>\n","protected":false},"excerpt":{"rendered":"<p>Se logro llevar a cabo dos de las fiestas de la vendimia distritales de San Pedro del Atuel y Bowen con &#8230;<\/p>\n","protected":false},"author":7,"featured_media":47012,"comment_status":"open","ping_status":"open","sticky":false,"template":"","format":"standard","meta":{"footnotes":""},"categories":[5,25],"tags":[],"class_list":["post-104554","post","type-post","status-publish","format-standard","has-post-thumbnail","hentry","category-actualidad","category-vendimia"],"_links":{"self":[{"href":"https:\/\/vinasfm.com\/noticias\/wp-json\/wp\/v2\/posts\/104554","targetHints":{"allow":["GET"]}}],"collection":[{"href":"https:\/\/vinasfm.com\/noticias\/wp-json\/wp\/v2\/posts"}],"about":[{"href":"https:\/\/vinasfm.com\/noticias\/wp-json\/wp\/v2\/types\/post"}],"author":[{"embeddable":true,"href":"https:\/\/vinasfm.com\/noticias\/wp-json\/wp\/v2\/users\/7"}],"replies":[{"embeddable":true,"href":"https:\/\/vinasfm.com\/noticias\/wp-json\/wp\/v2\/comments?post=104554"}],"version-history":[{"count":3,"href":"https:\/\/vinasfm.com\/noticias\/wp-json\/wp\/v2\/posts\/104554\/revisions"}],"predecessor-version":[{"id":104649,"href":"https:\/\/vinasfm.com\/noticias\/wp-json\/wp\/v2\/posts\/104554\/revisions\/104649"}],"wp:featuredmedia":[{"embeddable":true,"href":"https:\/\/vinasfm.com\/noticias\/wp-json\/wp\/v2\/media\/47012"}],"wp:attachment":[{"href":"https:\/\/vinasfm.com\/noticias\/wp-json\/wp\/v2\/media?parent=104554"}],"wp:term":[{"taxonomy":"category","embeddable":true,"href":"https:\/\/vinasfm.com\/noticias\/wp-json\/wp\/v2\/categories?post=104554"},{"taxonomy":"post_tag","embeddable":true,"href":"https:\/\/vinasfm.com\/noticias\/wp-json\/wp\/v2\/tags?post=104554"}],"curies":[{"name":"wp","href":"https:\/\/api.w.org\/{rel}","templated":true}]}}