{"id":104511,"date":"2022-01-18T18:11:18","date_gmt":"2022-01-18T21:11:18","guid":{"rendered":"http:\/\/vinasfm.com\/noticias\/?p=104511"},"modified":"2022-01-19T08:25:20","modified_gmt":"2022-01-19T11:25:20","slug":"comunicado-por-la-vuelta-del-contingente-del-futbol-infantil-del-torneo-mundialito-de-alianza","status":"publish","type":"post","link":"https:\/\/vinasfm.com\/noticias\/comunicado-por-la-vuelta-del-contingente-del-futbol-infantil-del-torneo-mundialito-de-alianza\/","title":{"rendered":"COMUNICADO POR LA VUELTA DEL CONTINGENTE DEL FUTBOL INFANTIL DEL TORNEO MUNDIALITO DE ALIANZA"},"content":{"rendered":"<h4><span style=\"color: #000000;\">Mediante la presente nota nos dirigimos a la comunidad de General Alvear para informar sobre el viaje que realizaron dos selectivos de futbol infantil en representaci\u00f3n a nuestro departamento a disputar el Torneo Mundialito de Alianza, el cual nos toc\u00f3 instalarnos en la subsede de Monte Ma\u00edz, en las instalaciones del club Argentinos.<\/span><\/h4>\n<p><span style=\"color: #000000;\">Nos hemos tomado el atrevimiento de aclarar el motivo por el cual tuvimos que retornar en forma repentina de dicho viaje, estando ambas categor\u00edas punteras en zona y pasando ya de fase. El d\u00eda martes de la semana pasada, uno de los ni\u00f1os presento fiebre de 39,7oc.<\/span><\/p>\n<p><span style=\"color: #000000;\">Por lo que los delegados de ambos selectivos llevaron al ni\u00f1o a un control m\u00e9dico, se intent\u00f3 llevarlo a un consultorio particular pero despu\u00e9s de dos negativas, se procedi\u00f3 a llevarlo al hospital. En dicho lugar se realiza un<\/span><br \/>\n<span style=\"color: #000000;\">hisopado, donde el resultado fue positivo para covid-19. Los m\u00e9dicos del lugar nos advierten de la situaci\u00f3n, y nos indican que iba a informar a las autoridades sanitarias competentes para ver qu\u00e9 decisi\u00f3n tomaban, que hasta pod\u00edan aislar a todo el contingente por 10 d\u00edas en el lugar. Por otro lado, los m\u00e9dicos tambi\u00e9n dan aviso a los organizadores del torneo de esa subsede.<\/span><\/p>\n<p><span style=\"color: #000000;\">Los jugadores y t\u00e9cnicos del selectivo sub14, se hab\u00edan dirigido hacia la cancha para el partido que le correspond\u00eda jugar ese d\u00eda, sin conocer las novedades, y al llegar al predio, las autoridades del club Argentinos, separan a los chicos del resto de las personas, y les comunican lo que ellos ya hab\u00edan sido informados. Indicando que, por la situaci\u00f3n, nos bajaban del torneo y deb\u00edamos retirarnos del gimnasio donde est\u00e1bamos alojados de manera urgente, lo que no coincid\u00eda con lo informado por el personal sanitario que nos indicaba que deb\u00edamos esperar a<\/span><br \/>\n<span style=\"color: #000000;\">la decisi\u00f3n que ellos tomaran, por lo que se conversa esta situaci\u00f3n y se procede a esperar la disposici\u00f3n de las autoridades sanitarias.<\/span><\/p>\n<p><span style=\"color: #000000;\">Una vez que todo el contingente se encuentra en el gimnasio, se toman las medidas necesarias para evitar m\u00e1s contagios, y para contener al ni\u00f1o que se encontraba lejos de sus padres. Los mismos ya hab\u00edan sido informados de la situaci\u00f3n y viajaron durante toda la noche para estar a primera hora en el lugar y trasladar al ni\u00f1o hasta su casa nuevamente en su veh\u00edculo particular. Por otro lado, una vez que las autoridades sanitarias nos informan que nos podemos retirar, nos comunicamos con la empresa contratada para el traslado tanto de ida como de vuelta al departamento, para informarle la situaci\u00f3n e indicarle que deb\u00edamos volver lo m\u00e1s pronto posible. La empresa act\u00faa r\u00e1pidamente, mandando una movilidad que viaja durante toda la noche, para estar a primera hora del d\u00eda mi\u00e9rcoles en donde nos aloj\u00e1bamos. <\/span><\/p>\n<p><span style=\"color: #000000;\">Lo que nos permiti\u00f3 estar de vuelta en General Alvear alrededor de las 18:00hs. Habiendo informado la situaci\u00f3n que nos hizo volver repentinamente del viaje, consideramos un balance positivo del mismo, el comportamiento de los chico fue excelente, los mayores que acompa\u00f1amos en el viaje pasamos 5 d\u00edas de mucho trabajo, pero con la satisfacci\u00f3n de haber escoltado a grandes personitas, que tanto dentro como fuera de la cancha nos representaron de la mejor manera y habiendo trascurrido ya siete d\u00edas podemos decir que ning\u00fan ni\u00f1o que viajo o padres han presentado s\u00edntomas de contagio.<\/span><\/p>\n<p><span style=\"color: #000000;\">Por otro lado, queremos agradecer a todos aquellos que nos brindaron tanto apoyo econ\u00f3mico como en mercader\u00eda, resaltando al municipio de Gral. Alvear y a los siguientes sponsors que nos ayudaron con las vestimentas de ambos selectivos:<\/span><\/p>\n<p><span style=\"color: #000000;\">Por parte de la sub 12:<\/span><br \/>\n<span style=\"color: #000000;\">Log\u00edstica y Transporte ROIG<\/span><br \/>\n<span style=\"color: #000000;\">Transporte ACHETONI<\/span><br \/>\n<span style=\"color: #000000;\">Taller de chapa y pintura BECERRA<\/span><br \/>\n<span style=\"color: #000000;\">PABLO JARA construcciones<\/span><br \/>\n<span style=\"color: #000000;\">EL CURINO construcciones<\/span><\/p>\n<p><span style=\"color: #000000;\">Por parte de la SUB 14:<\/span><br \/>\n<span style=\"color: #000000;\">Torner\u00eda Mec\u00e1nica MARCOS HERNANDEZ<\/span><br \/>\n<span style=\"color: #000000;\">Multisectorial de General Alvear<\/span><br \/>\n<span style=\"color: #000000;\">Secadero SERRO<\/span><br \/>\n<span style=\"color: #000000;\">Tienda y Zapater\u00eda EL FARO<\/span><br \/>\n<span style=\"color: #000000;\">Construcciones AMPUERO HORACIO<\/span><br \/>\n<span style=\"color: #000000;\">Centro de odontolog\u00eda Est\u00e9tica COE<\/span><br \/>\n<span style=\"color: #000000;\">ZUMMY<\/span><br \/>\n<span style=\"color: #000000;\">Cavas del Artesano<\/span><br \/>\n<span style=\"color: #000000;\">Cooperativa CECSAGAL<\/span><\/p>\n<p><span style=\"color: #000000;\">Sin nada m\u00e1s que aclarar, agradecidos de esta experiencia vivida, nos despedimos atte.<\/span><\/p>\n<p><span style=\"color: #000000;\">Fernanda Sosino<\/span><br \/>\n<span style=\"color: #000000;\">Deleg. Selectivo Sub-14<\/span><\/p>\n<p><span style=\"color: #000000;\">Luis Budde<\/span><br \/>\n<span style=\"color: #000000;\">Deleg. Selectivo Sub-12<\/span><\/p>\n","protected":false},"excerpt":{"rendered":"<p>Mediante la presente nota nos dirigimos a la comunidad de General Alvear para informar sobre el viaje que realizaron dos selectivos &#8230;<\/p>\n","protected":false},"author":7,"featured_media":13486,"comment_status":"open","ping_status":"open","sticky":false,"template":"","format":"standard","meta":{"footnotes":""},"categories":[5,3],"tags":[],"class_list":["post-104511","post","type-post","status-publish","format-standard","has-post-thumbnail","hentry","category-actualidad","category-deportes"],"_links":{"self":[{"href":"https:\/\/vinasfm.com\/noticias\/wp-json\/wp\/v2\/posts\/104511","targetHints":{"allow":["GET"]}}],"collection":[{"href":"https:\/\/vinasfm.com\/noticias\/wp-json\/wp\/v2\/posts"}],"about":[{"href":"https:\/\/vinasfm.com\/noticias\/wp-json\/wp\/v2\/types\/post"}],"author":[{"embeddable":true,"href":"https:\/\/vinasfm.com\/noticias\/wp-json\/wp\/v2\/users\/7"}],"replies":[{"embeddable":true,"href":"https:\/\/vinasfm.com\/noticias\/wp-json\/wp\/v2\/comments?post=104511"}],"version-history":[{"count":1,"href":"https:\/\/vinasfm.com\/noticias\/wp-json\/wp\/v2\/posts\/104511\/revisions"}],"predecessor-version":[{"id":104512,"href":"https:\/\/vinasfm.com\/noticias\/wp-json\/wp\/v2\/posts\/104511\/revisions\/104512"}],"wp:featuredmedia":[{"embeddable":true,"href":"https:\/\/vinasfm.com\/noticias\/wp-json\/wp\/v2\/media\/13486"}],"wp:attachment":[{"href":"https:\/\/vinasfm.com\/noticias\/wp-json\/wp\/v2\/media?parent=104511"}],"wp:term":[{"taxonomy":"category","embeddable":true,"href":"https:\/\/vinasfm.com\/noticias\/wp-json\/wp\/v2\/categories?post=104511"},{"taxonomy":"post_tag","embeddable":true,"href":"https:\/\/vinasfm.com\/noticias\/wp-json\/wp\/v2\/tags?post=104511"}],"curies":[{"name":"wp","href":"https:\/\/api.w.org\/{rel}","templated":true}]}}