{"id":104504,"date":"2022-01-18T09:17:55","date_gmt":"2022-01-18T12:17:55","guid":{"rendered":"http:\/\/vinasfm.com\/noticias\/?p=104504"},"modified":"2022-01-20T10:35:10","modified_gmt":"2022-01-20T13:35:10","slug":"1o-campeonato-sudameticano-f-i-m-latam","status":"publish","type":"post","link":"https:\/\/vinasfm.com\/noticias\/1o-campeonato-sudameticano-f-i-m-latam\/","title":{"rendered":"1\u00ba CAMPEONATO SUDAMERICANO F.I.M. LATAM"},"content":{"rendered":"<h4><span style=\"color: #000000;\">Ser\u00e1 que se ten\u00eda que dar. Por la sencilla raz\u00f3n de que un grupo humano que empez\u00f3 a organizar eventos, atendiendo a la demanda de muchos competidores, se puso como premisa la seria responsabilidad de hacer las cosas de la mejor manera posible.<\/span><\/h4>\n<p><span style=\"color: #000000;\"> Porque a ellos tambi\u00e9n los arrastraba la pasi\u00f3n. Y as\u00ed desde el inicio del CaNav, con popularidad y dedicaci\u00f3n, se fue transformando poco a poco en una de las Categor\u00edas m\u00e1s federales con m\u00e1s provincias representadas de la Rep\u00fablica Argentina. Luego fue momento de engrillar nombres y apellidos de jerarqu\u00eda internacional. Toc\u00f3 el momento de ser anfitriones de participantes de pa\u00edses vecinos, que ve\u00edan con buenos ojos al<strong><em> CaNav Rally Raid como una excelente alternativa INTERNACIONAL. <\/em><\/strong><\/span><\/p>\n<p><span style=\"color: #000000;\">Sab\u00edamos que siempre se puede mejorar en pos de cada Piloto, Navegante y Equipo. Se bosquejaba con una carrera internacional all\u00e1 por el 2015, en conjunto con el vecino Pa\u00eds de Chile. Siempre se trabaj\u00f3 en cada fecha por sumar algo superador. Y en el 2020 lleg\u00f3 la 1\u00ba edici\u00f3n del South American Rally Race con un desaf\u00edo de 7 Etapas en 3 provincias de Argentina. Y fue un \u00e9xito, porque as\u00ed deb\u00eda ser, luego de mucho trabajo y empe\u00f1o en cada detalle. Todos los eslabones que son parte de la Organizaci\u00f3n entregaron un 110% como en el primer cap\u00edtulo del CaNav Rally Raid. Y en febrero 2021 lleg\u00f3 la 2\u00ba edici\u00f3n del SARR con el planeta \u201cpatas para arriba\u201d como consecuencia de una pandemia. Y este grupo humano superlativo pudo con un evento internacional de manera muy satisfactoria. No fue f\u00e1cil. Pero si gratificante. La mec\u00e1nica de trabajo se repite. Terminada una carrera, ya se trabaja para la siguiente. Sin prisa pero sin pausa.<\/span><\/p>\n<p><span style=\"color: #000000;\">Hoy 17 de Enero 2022 confirmamos, luego de varios meses de gesti\u00f3n, que \u00e9sta parte del mundo tendr\u00e1 un certamen Sudamericano de Rally Raid\u00a0<strong>fiscalizado por F\u00e9d\u00e9ration Internationale de Motocyclisme Latinoam\u00e9rica; y organizado por la Asociaci\u00f3n Argentina de Rally Raid<\/strong>. Las motos, Quad\u2019s y UTV\u2019s disputar\u00e1n su\u00a0<strong>PRIMER CAMPEONATO SUDAMERICANO FIM Latinoam\u00e9rica<\/strong>. Esto ser\u00e1 cuando se lleve adelante el South American Rally Race 2022 (<a style=\"color: #000000;\" href=\"https:\/\/112801.clicks.goto-9.net\/track\/click?u=2804204&amp;p=3131323830313a3132323a3131353a303a303a30&amp;s=56228c00522b30339c53e4dd0dcc9999&amp;m=1468\" target=\"_blank\" rel=\"noopener\" data-saferedirecturl=\"https:\/\/www.google.com\/url?q=https:\/\/112801.clicks.goto-9.net\/track\/click?u%3D2804204%26p%3D3131323830313a3132323a3131353a303a303a30%26s%3D56228c00522b30339c53e4dd0dcc9999%26m%3D1468&amp;source=gmail&amp;ust=1642594092476000&amp;usg=AOvVaw1JSCjdMDXun9W3Kkf_Yk9m\">www.sarr2022.com<\/a>).<\/span><\/p>\n<p><span style=\"color: #000000;\">Desde el martes 15 y hasta el 26 de febrero pr\u00f3ximo, el SARR2022 recibir\u00e1 a aquellos Pilotos y Navegantes que quieran escribir la historia del\u00a0<strong>1\u00ba Campeonato Sudamericano<\/strong>. Ser\u00e1 un evento de 2 fechas compartido por cuestiones sanitarias. La 1\u00ba fecha del Campeonato Sudamericano ser\u00e1 entre la Etapa 1 y la Etapa 4. La 2\u00ba fecha se desarrollar\u00e1 entre la Etapa 5 y la Etapa 9. Luego de recorrer 5 provincias y m\u00e1s de 4.000 km de competencia, podremos conocer a los primeros Campeones Sudamericanos de Rally Race en las categor\u00edas Moto, Quad y UTV; en la historia de la especialidad para esta parte del planeta.<\/span><\/p>\n<p><span style=\"color: #000000;\">Especial agradecimiento a quienes fueron tambi\u00e9n art\u00edfices en la gesti\u00f3n para este proyecto. Al Sr. Erick Nevels (CAMoD), como as\u00ed tambi\u00e9n al Sr. Pedro Venturo (Presidente de FIM LATAM).<\/span><\/p>\n<p><span style=\"color: #000000;\">No solo fue un sue\u00f1o. Hoy ya es una realidad. Y se lo contamos al mundo<\/span><\/p>\n","protected":false},"excerpt":{"rendered":"<p>Ser\u00e1 que se ten\u00eda que dar. Por la sencilla raz\u00f3n de que un grupo humano que empez\u00f3 a organizar eventos, atendiendo &#8230;<\/p>\n","protected":false},"author":7,"featured_media":104505,"comment_status":"open","ping_status":"open","sticky":false,"template":"","format":"standard","meta":{"footnotes":""},"categories":[1],"tags":[],"class_list":["post-104504","post","type-post","status-publish","format-standard","has-post-thumbnail","hentry","category-fmvinas"],"_links":{"self":[{"href":"https:\/\/vinasfm.com\/noticias\/wp-json\/wp\/v2\/posts\/104504","targetHints":{"allow":["GET"]}}],"collection":[{"href":"https:\/\/vinasfm.com\/noticias\/wp-json\/wp\/v2\/posts"}],"about":[{"href":"https:\/\/vinasfm.com\/noticias\/wp-json\/wp\/v2\/types\/post"}],"author":[{"embeddable":true,"href":"https:\/\/vinasfm.com\/noticias\/wp-json\/wp\/v2\/users\/7"}],"replies":[{"embeddable":true,"href":"https:\/\/vinasfm.com\/noticias\/wp-json\/wp\/v2\/comments?post=104504"}],"version-history":[{"count":2,"href":"https:\/\/vinasfm.com\/noticias\/wp-json\/wp\/v2\/posts\/104504\/revisions"}],"predecessor-version":[{"id":104575,"href":"https:\/\/vinasfm.com\/noticias\/wp-json\/wp\/v2\/posts\/104504\/revisions\/104575"}],"wp:featuredmedia":[{"embeddable":true,"href":"https:\/\/vinasfm.com\/noticias\/wp-json\/wp\/v2\/media\/104505"}],"wp:attachment":[{"href":"https:\/\/vinasfm.com\/noticias\/wp-json\/wp\/v2\/media?parent=104504"}],"wp:term":[{"taxonomy":"category","embeddable":true,"href":"https:\/\/vinasfm.com\/noticias\/wp-json\/wp\/v2\/categories?post=104504"},{"taxonomy":"post_tag","embeddable":true,"href":"https:\/\/vinasfm.com\/noticias\/wp-json\/wp\/v2\/tags?post=104504"}],"curies":[{"name":"wp","href":"https:\/\/api.w.org\/{rel}","templated":true}]}}