{"id":104471,"date":"2022-01-17T10:13:24","date_gmt":"2022-01-17T13:13:24","guid":{"rendered":"http:\/\/vinasfm.com\/noticias\/?p=104471"},"modified":"2022-01-17T10:13:24","modified_gmt":"2022-01-17T13:13:24","slug":"san-pedro-del-atuel-y-bowen-coronaron-a-sus-representantes","status":"publish","type":"post","link":"https:\/\/vinasfm.com\/noticias\/san-pedro-del-atuel-y-bowen-coronaron-a-sus-representantes\/","title":{"rendered":"SAN PEDRO DEL ATUEL Y BOWEN CORONARON A SUS REPRESENTANTES"},"content":{"rendered":"<h4>Este fin de semana nuestro departamento le di\u00f3 inicio a la coronaci\u00f3n de las reinas distritales de San Pedro del Atuel y Bowen, con la coronaci\u00f3n de Carolina Sendra representante de San Pedro del Atuel y Giuliana Wasyluk representante de Bowen.<\/h4>\n<p>El <em><strong>s\u00e1bado 15<\/strong> <\/em>de enero se coron\u00f3 en el distrito del <em><strong>San Pedro del Atuel a su representante, Carolina Sendra<\/strong><\/em> de 21 a\u00f1os de edad, estudiante de 2do a\u00f1o de abogac\u00eda y emprendedora, ojos celestes y cabellos casta\u00f1os claros con 1.70m de estatura.<\/p>\n<p>En <em><strong>Bowen<\/strong><\/em> la fiesta se realiz\u00f3 el d\u00eda domingo a las 20.30 hs. donde se <em><strong>coron\u00f3 a Giuliana Wasyluk<\/strong> <\/em>de 20 a\u00f1os, estudiante del \u00faltimo a\u00f1o de Gesti\u00f3n de Empresas en el ITU, ojos verdes y cabellos rubios con 1.67m de estatura.<\/p>\n<p>NOTA EN PROCESO<\/p>\n","protected":false},"excerpt":{"rendered":"<p>Este fin de semana nuestro departamento le di\u00f3 inicio a la coronaci\u00f3n de las reinas distritales de San Pedro del Atuel &#8230;<\/p>\n","protected":false},"author":7,"featured_media":104489,"comment_status":"open","ping_status":"open","sticky":false,"template":"","format":"standard","meta":{"footnotes":""},"categories":[1],"tags":[],"class_list":["post-104471","post","type-post","status-publish","format-standard","has-post-thumbnail","hentry","category-fmvinas"],"_links":{"self":[{"href":"https:\/\/vinasfm.com\/noticias\/wp-json\/wp\/v2\/posts\/104471","targetHints":{"allow":["GET"]}}],"collection":[{"href":"https:\/\/vinasfm.com\/noticias\/wp-json\/wp\/v2\/posts"}],"about":[{"href":"https:\/\/vinasfm.com\/noticias\/wp-json\/wp\/v2\/types\/post"}],"author":[{"embeddable":true,"href":"https:\/\/vinasfm.com\/noticias\/wp-json\/wp\/v2\/users\/7"}],"replies":[{"embeddable":true,"href":"https:\/\/vinasfm.com\/noticias\/wp-json\/wp\/v2\/comments?post=104471"}],"version-history":[{"count":2,"href":"https:\/\/vinasfm.com\/noticias\/wp-json\/wp\/v2\/posts\/104471\/revisions"}],"predecessor-version":[{"id":104490,"href":"https:\/\/vinasfm.com\/noticias\/wp-json\/wp\/v2\/posts\/104471\/revisions\/104490"}],"wp:featuredmedia":[{"embeddable":true,"href":"https:\/\/vinasfm.com\/noticias\/wp-json\/wp\/v2\/media\/104489"}],"wp:attachment":[{"href":"https:\/\/vinasfm.com\/noticias\/wp-json\/wp\/v2\/media?parent=104471"}],"wp:term":[{"taxonomy":"category","embeddable":true,"href":"https:\/\/vinasfm.com\/noticias\/wp-json\/wp\/v2\/categories?post=104471"},{"taxonomy":"post_tag","embeddable":true,"href":"https:\/\/vinasfm.com\/noticias\/wp-json\/wp\/v2\/tags?post=104471"}],"curies":[{"name":"wp","href":"https:\/\/api.w.org\/{rel}","templated":true}]}}