{"id":104429,"date":"2022-01-13T09:57:17","date_gmt":"2022-01-13T12:57:17","guid":{"rendered":"http:\/\/vinasfm.com\/noticias\/?p=104429"},"modified":"2022-01-13T12:38:35","modified_gmt":"2022-01-13T15:38:35","slug":"accidente-de-transito-en-ruta-188-y-calle-13","status":"publish","type":"post","link":"https:\/\/vinasfm.com\/noticias\/accidente-de-transito-en-ruta-188-y-calle-13\/","title":{"rendered":"ACCIDENTE DE TRANSITO EN RUTA 188 Y CALLE 13"},"content":{"rendered":"<h4><span style=\"color: #000000;\">Las primeras horas de la ma\u00f1ana de hoy jueves, comenz\u00f3 con un accidente de transito en Ruta 188 y Calle 13 entre dos veh\u00edculos que circulaban de Este a Oeste por una Volkswagen Suran y una Peugeot Parther. Se encuentra personal policial para realizar el esclarecimiento de lo sucedido.\u00a0<\/span><\/h4>\n<p><span style=\"color: #000000;\">Alrededor de las <em><strong>8.30 hs en Ruta 188 y Calle 13<\/strong><\/em> donde se vieron involucrado dos veh\u00edculos que colisionaron de frente circulando de <em><strong>Este a Oeste<\/strong><\/em>, el accidente se vieron involucrados una<strong><em>\u00a0Volkswagen Suran y una Peugeot Parther<\/em><\/strong>. Los ocupantes de los veh\u00edculos fueron trasladados al nosocomio local con politraumatismo y lesiones, sin victimas fatales.\u00a0<\/span><\/p>\n<p><span style=\"color: #000000;\">Por datos brindados por el <strong><em>Subcomisario Juan Carlos Zobarzo, el conductor de la Peugeot Parther seria oriundo de Bowen o General Alvear<\/em><\/strong>, y los ocupantes de <strong><em>la Volkswagen Suran ser\u00edan oriundos de la Ciudad de Buenos Aires<\/em><\/strong> y estar\u00edan regresando a su ciudad.\u00a0\u00a0<\/span><\/p>\n<p>&nbsp;<\/p>\n<p>&nbsp;<\/p>\n<p>&nbsp;<\/p>\n<p>&nbsp;<\/p>\n","protected":false},"excerpt":{"rendered":"<p>Las primeras horas de la ma\u00f1ana de hoy jueves, comenz\u00f3 con un accidente de transito en Ruta 188 y Calle 13 &#8230;<\/p>\n","protected":false},"author":7,"featured_media":104430,"comment_status":"open","ping_status":"open","sticky":false,"template":"","format":"standard","meta":{"footnotes":""},"categories":[1],"tags":[],"class_list":["post-104429","post","type-post","status-publish","format-standard","has-post-thumbnail","hentry","category-fmvinas"],"_links":{"self":[{"href":"https:\/\/vinasfm.com\/noticias\/wp-json\/wp\/v2\/posts\/104429","targetHints":{"allow":["GET"]}}],"collection":[{"href":"https:\/\/vinasfm.com\/noticias\/wp-json\/wp\/v2\/posts"}],"about":[{"href":"https:\/\/vinasfm.com\/noticias\/wp-json\/wp\/v2\/types\/post"}],"author":[{"embeddable":true,"href":"https:\/\/vinasfm.com\/noticias\/wp-json\/wp\/v2\/users\/7"}],"replies":[{"embeddable":true,"href":"https:\/\/vinasfm.com\/noticias\/wp-json\/wp\/v2\/comments?post=104429"}],"version-history":[{"count":2,"href":"https:\/\/vinasfm.com\/noticias\/wp-json\/wp\/v2\/posts\/104429\/revisions"}],"predecessor-version":[{"id":104441,"href":"https:\/\/vinasfm.com\/noticias\/wp-json\/wp\/v2\/posts\/104429\/revisions\/104441"}],"wp:featuredmedia":[{"embeddable":true,"href":"https:\/\/vinasfm.com\/noticias\/wp-json\/wp\/v2\/media\/104430"}],"wp:attachment":[{"href":"https:\/\/vinasfm.com\/noticias\/wp-json\/wp\/v2\/media?parent=104429"}],"wp:term":[{"taxonomy":"category","embeddable":true,"href":"https:\/\/vinasfm.com\/noticias\/wp-json\/wp\/v2\/categories?post=104429"},{"taxonomy":"post_tag","embeddable":true,"href":"https:\/\/vinasfm.com\/noticias\/wp-json\/wp\/v2\/tags?post=104429"}],"curies":[{"name":"wp","href":"https:\/\/api.w.org\/{rel}","templated":true}]}}