{"id":104403,"date":"2022-01-12T09:09:04","date_gmt":"2022-01-12T12:09:04","guid":{"rendered":"http:\/\/vinasfm.com\/noticias\/?p=104403"},"modified":"2022-01-12T10:39:58","modified_gmt":"2022-01-12T13:39:58","slug":"los-contactos-estrechos-asintomaticos-con-esquema-completo-de-vacunacionno-tendran-que-aislarse","status":"publish","type":"post","link":"https:\/\/vinasfm.com\/noticias\/los-contactos-estrechos-asintomaticos-con-esquema-completo-de-vacunacionno-tendran-que-aislarse\/","title":{"rendered":"LOS CONTACTOS ESTRECHOS ASINTOM\u00c1TICOS CON ESQUEMA COMPLETO DE VACUNACI\u00d3N NO TENDR\u00c1N QUE AISLARSE"},"content":{"rendered":"<h4>As\u00ed lo asegur\u00f3 la ministra de Salud Ana Mar\u00eda Nadal, quien particip\u00f3 en la reuni\u00f3n del Consejo Federal de Salud. La funcionaria hizo hincapi\u00e9 en la importancia de completar el esquema de vacunaci\u00f3n con la dosis de refuerzo.<\/h4>\n<p><span style=\"color: #000000;\">Las personas asintom\u00e1ticas que son contacto estrecho de un caso de COVID-19 positivo que tengan su esquema de vacunaci\u00f3n completo no tendr\u00e1n que ser aisladas. As\u00ed lo confirm\u00f3 la ministra de Salud, Desarrollo Social y Deportes de Mendoza, Ana Mar\u00eda Nadal, luego de participar en la reuni\u00f3n del Consejo Federal de Salud.<\/span><\/p>\n<p><strong><em><span style=\"color: #000000;\">La funcionaria tambi\u00e9n asegur\u00f3 que quienes no tengan ning\u00fan tipo de vacuna o no hayan completado su esquema tendr\u00e1n que cumplir estrictamente con el confinamiento de 10 d\u00edas.<\/span><\/em><\/strong><\/p>\n<p><span style=\"color: #000000;\">La ministra reiter\u00f3 la necesidad de completar los esquemas de vacunaci\u00f3n para prevenir casos graves de COVID. <em><strong>\u201cMendoza fue la primera provincia que anunci\u00f3 la disminuci\u00f3n del per\u00edodo del refuerzo en cuatro meses a partir de la segunda dosis, por eso es tan importante que los mendocinos y mendocinas se coloquen el refuerzo. Esta fue una decisi\u00f3n sumamente importante, porque las personas vacunadas y con refuerzo est\u00e1n preparadas para enfrentar esta enfermedad\u201d.<\/strong><\/em><\/span><\/p>\n<p>&nbsp;<\/p>\n","protected":false},"excerpt":{"rendered":"<p>As\u00ed lo asegur\u00f3 la ministra de Salud Ana Mar\u00eda Nadal, quien particip\u00f3 en la reuni\u00f3n del Consejo Federal de Salud. La &#8230;<\/p>\n","protected":false},"author":7,"featured_media":104404,"comment_status":"open","ping_status":"open","sticky":false,"template":"","format":"standard","meta":{"footnotes":""},"categories":[5,10],"tags":[],"class_list":["post-104403","post","type-post","status-publish","format-standard","has-post-thumbnail","hentry","category-actualidad","category-destacadas"],"_links":{"self":[{"href":"https:\/\/vinasfm.com\/noticias\/wp-json\/wp\/v2\/posts\/104403","targetHints":{"allow":["GET"]}}],"collection":[{"href":"https:\/\/vinasfm.com\/noticias\/wp-json\/wp\/v2\/posts"}],"about":[{"href":"https:\/\/vinasfm.com\/noticias\/wp-json\/wp\/v2\/types\/post"}],"author":[{"embeddable":true,"href":"https:\/\/vinasfm.com\/noticias\/wp-json\/wp\/v2\/users\/7"}],"replies":[{"embeddable":true,"href":"https:\/\/vinasfm.com\/noticias\/wp-json\/wp\/v2\/comments?post=104403"}],"version-history":[{"count":2,"href":"https:\/\/vinasfm.com\/noticias\/wp-json\/wp\/v2\/posts\/104403\/revisions"}],"predecessor-version":[{"id":104410,"href":"https:\/\/vinasfm.com\/noticias\/wp-json\/wp\/v2\/posts\/104403\/revisions\/104410"}],"wp:featuredmedia":[{"embeddable":true,"href":"https:\/\/vinasfm.com\/noticias\/wp-json\/wp\/v2\/media\/104404"}],"wp:attachment":[{"href":"https:\/\/vinasfm.com\/noticias\/wp-json\/wp\/v2\/media?parent=104403"}],"wp:term":[{"taxonomy":"category","embeddable":true,"href":"https:\/\/vinasfm.com\/noticias\/wp-json\/wp\/v2\/categories?post=104403"},{"taxonomy":"post_tag","embeddable":true,"href":"https:\/\/vinasfm.com\/noticias\/wp-json\/wp\/v2\/tags?post=104403"}],"curies":[{"name":"wp","href":"https:\/\/api.w.org\/{rel}","templated":true}]}}