{"id":104390,"date":"2022-01-11T19:19:02","date_gmt":"2022-01-11T22:19:02","guid":{"rendered":"http:\/\/vinasfm.com\/noticias\/?p=104390"},"modified":"2022-01-12T09:44:25","modified_gmt":"2022-01-12T12:44:25","slug":"subcomisario-jose-lopez-si-comparamos-las-movilidades-con-la-rto-no-estarian-en-condiciones","status":"publish","type":"post","link":"https:\/\/vinasfm.com\/noticias\/subcomisario-jose-lopez-si-comparamos-las-movilidades-con-la-rto-no-estarian-en-condiciones\/","title":{"rendered":"SUBCOMISARIO JOS\u00c9 L\u00d3PEZ: &#8216;SI COMPARAMOS LAS MOVILIDADES CON LA RTO NO ESTAR\u00cdAN EN CONDICIONES&#8217;"},"content":{"rendered":"<h4><span style=\"color: #000000;\">La primera semana del 2022 entraron en vigencia el la obligatoriedad de la RTO y se incrementaron el valor de las multas viales, por el momento no se realizar\u00e1n multas, ni sanciones por no tener la oblea de la RTO pero se espera que la sociedad pueda realizarla as\u00ed ya se pone en funcionamiento esta ley.\u00a0<\/span><\/h4>\n<p><span style=\"color: #000000;\">Siendo muy cuestionado el pedido de la RTO y las multas para quien no lo cumplan analizando el estado de muchas de las arterias del departamento y consultado por las condiciones de los m\u00f3viles oficiales para pasar por los talleres. <em><strong>En di\u00e1logo con F.M. VI\u00d1AS, Jos\u00e9 L\u00f3pez Subcomisario<\/strong><\/em> departamental, se expres\u00f3: <strong><em>&#8216;Las multas han subido algunos medios provinciales ya ha puesto el valor de las multas actualmente, y si sube la unidad fiscal, suben las multas, la rto y todo lo que tiene que ver\u00a0 va en aumento porque la unidad fiscal tiene que ver con lo que vale la nafta y este es un aumento considerable&#8217;.\u00a0<\/em><\/strong><\/span><\/p>\n<p><span style=\"color: #000000;\"><em><strong>&#8216;Hay algunas multas que deber\u00edan ser un poco m\u00e1s graves como por ejemplo las de alcoholemias y dem\u00e1s porque hay gente que tiene hasta tres multas de alcoholemia y no escarmienta y hay que seguir trabajando con esto&#8217;<\/strong><\/em>, remarc\u00f3 L\u00f3pez al respecto de las multas y sus costos.\u00a0<\/span><\/p>\n<p><span style=\"color: #000000;\">El Subcomisario fue consultado por el estado de los veh\u00edculos oficiales, los que no se encuentran en condiciones adecuadas y si deber\u00edan pasar por los talleres de la RTO,<em><strong> &#8216;Si comparamos las movilidades con la Rto no estar\u00eda en las condiciones pero desgraciadamente el m\u00f3vil tiene que seguir brindando seguridad a la sociedad y seguir de la mejor manera posible&#8217;, remarc\u00f3<\/strong><\/em>. Desde la comisar\u00eda se trabaja en ponerle parches y tratar de solucionar los inconvenientes, realizando los pedidos necesarios para poder comprar y arreglar las movilidades para poder trabajar y mejorar pero mientras tanto se contin\u00faa con lo que se tiene. <\/span><\/p>\n<p>&nbsp;<\/p>\n<p>&nbsp;<\/p>\n<p>&nbsp;<\/p>\n","protected":false},"excerpt":{"rendered":"<p>La primera semana del 2022 entraron en vigencia el la obligatoriedad de la RTO y se incrementaron el valor de las &#8230;<\/p>\n","protected":false},"author":7,"featured_media":98813,"comment_status":"open","ping_status":"open","sticky":false,"template":"","format":"standard","meta":{"footnotes":""},"categories":[1],"tags":[],"class_list":["post-104390","post","type-post","status-publish","format-standard","has-post-thumbnail","hentry","category-fmvinas"],"_links":{"self":[{"href":"https:\/\/vinasfm.com\/noticias\/wp-json\/wp\/v2\/posts\/104390","targetHints":{"allow":["GET"]}}],"collection":[{"href":"https:\/\/vinasfm.com\/noticias\/wp-json\/wp\/v2\/posts"}],"about":[{"href":"https:\/\/vinasfm.com\/noticias\/wp-json\/wp\/v2\/types\/post"}],"author":[{"embeddable":true,"href":"https:\/\/vinasfm.com\/noticias\/wp-json\/wp\/v2\/users\/7"}],"replies":[{"embeddable":true,"href":"https:\/\/vinasfm.com\/noticias\/wp-json\/wp\/v2\/comments?post=104390"}],"version-history":[{"count":1,"href":"https:\/\/vinasfm.com\/noticias\/wp-json\/wp\/v2\/posts\/104390\/revisions"}],"predecessor-version":[{"id":104393,"href":"https:\/\/vinasfm.com\/noticias\/wp-json\/wp\/v2\/posts\/104390\/revisions\/104393"}],"wp:featuredmedia":[{"embeddable":true,"href":"https:\/\/vinasfm.com\/noticias\/wp-json\/wp\/v2\/media\/98813"}],"wp:attachment":[{"href":"https:\/\/vinasfm.com\/noticias\/wp-json\/wp\/v2\/media?parent=104390"}],"wp:term":[{"taxonomy":"category","embeddable":true,"href":"https:\/\/vinasfm.com\/noticias\/wp-json\/wp\/v2\/categories?post=104390"},{"taxonomy":"post_tag","embeddable":true,"href":"https:\/\/vinasfm.com\/noticias\/wp-json\/wp\/v2\/tags?post=104390"}],"curies":[{"name":"wp","href":"https:\/\/api.w.org\/{rel}","templated":true}]}}