{"id":104341,"date":"2022-01-10T08:00:18","date_gmt":"2022-01-10T11:00:18","guid":{"rendered":"http:\/\/vinasfm.com\/noticias\/?p=104341"},"modified":"2022-01-11T10:38:46","modified_gmt":"2022-01-11T13:38:46","slug":"el-municipio-motiva-la-prevencion-de-la-violencia-intrafamiliar","status":"publish","type":"post","link":"https:\/\/vinasfm.com\/noticias\/el-municipio-motiva-la-prevencion-de-la-violencia-intrafamiliar\/","title":{"rendered":"EL MUNICIPIO MOTIVA LA PREVENCI\u00d3N DE LA VIOLENCIA INTRAFAMILIAR"},"content":{"rendered":"<h4><span style=\"color: #000000;\"><strong>La Asesora de la Mujer y Desarrollo de las Familias, Silvia Vega, en conferencia de prensa, brind\u00f3 informaci\u00f3n acerca del trabajo que se realiza en su \u00e1rea y sobre el Programa Interdisciplinario para Organizaciones Familiares -PIOF-.<\/strong><\/span><\/h4>\n<p><span style=\"color: #000000;\">El personal de la Asesor\u00eda de la Mujer y Desarrollo de las Familias<strong> atiende de lunes a viernes, de 7 a 13h<\/strong>. Durante todo el a\u00f1o<strong> brinda asesoramiento legal; tratamiento psicol\u00f3gico para mujeres en situaci\u00f3n de violencia<\/strong> y con trabajadora social, <strong>articulaci\u00f3n con otras \u00e1reas e instituciones<\/strong>. <strong>Las 24hs est\u00e1 disponible el Tel: 2625-431452 en casos de emergencia<\/strong>. <\/span><\/p>\n<p><span style=\"color: #000000;\">&#8216;<strong><em>Las v\u00edctimas o allegados, ya sean familiares o amigos <\/em><em>pueden comunicarse a las l\u00edneas nacionales 144 y al 911<\/em>&#8216;<\/strong>, detall\u00f3 Silvia Vega. &#8216;<strong><em>Adem\u00e1s, contamos con el aporte de los talleres de capacitaci\u00f3n e inclusi\u00f3n para las mujeres v\u00edctimas de violencia, que se re\u00fanen en uniones vecinales y distritos, culminaron en diciembre de 2.021 y retomar\u00e1n nuevamente en abril del corriente<\/em><\/strong>&#8216;, subray\u00f3 la funcionaria.<\/span><\/p>\n<p><span style=\"color: #000000;\">En este sentido enfatiz\u00f3 que<strong> durante la \u00faltima semana de diciembre aumentaron los casos de violencia <\/strong>que han sido atendidos en la asesor\u00eda: &#8216;<strong><em>Algunas personas han pedido traslados a provincias aleda\u00f1as, donde viven sus familiares, se las ha ayudado y la Abogada ha hecho los seguimientos necesarios. Se trabaja en conjunto con la Asesor\u00eda de Ni\u00f1ez, Adolescencia y Juventud, en el caso de una mam\u00e1 con hijos que ha sido trasladada al Hogar Esperanza<\/em><\/strong>&#8216;, a\u00f1adi\u00f3 Vega.<\/span><\/p>\n<p><span style=\"color: #000000;\">Es para destacar, que <strong>se dictan talleres y capacitaciones sobre prevenci\u00f3n de violencia, perspectiva de g\u00e9nero y equidad<\/strong>, en diversas organizaciones de la sociedad civil e instituciones educativas que lo soliciten.<\/span><\/p>\n<p><span style=\"color: #000000;\">El <strong>PIOF <\/strong>(<em>Programa Interdisciplinario para Organizaciones Familiares<\/em>) trata de un espacio de reflexi\u00f3n, de escucha para concientizar, prevenir y erradicar la violencia intrafamiliar. La<strong> Dra. Sandra Niotti<\/strong>, quien es miembro del Equipo interdisciplinario de PIOF detall\u00f3 que trabajan para &#8216;a<strong><em>bordar al var\u00f3n que ha cometido violencia de g\u00e9nero y es enviado por el juzgado como regla de conducta<\/em><\/strong>&#8216;. En este sentido, <strong>hay un grupo terap\u00e9utico para hombres<\/strong>, abordado por el <strong>Lic. Mario Garc\u00eda<\/strong> y la <strong>Psic\u00f3loga Social Gabriela Arzel\u00e1n<\/strong>, que se re\u00fane todos los<strong> lunes y mi\u00e9rcoles, de 14 a 17h<\/strong>, en la oficina de la<strong> Asesor\u00eda de la Mujer y Desarrollo de las Familias<\/strong>, ubicada en <strong>calle San Rafael 243.<\/strong><\/span><\/p>\n<p><span style=\"color: #000000;\">Consultada por <strong><em>F.M. Vi\u00f1as<\/em><\/strong> sobre los pasos a seguir tras un caso de violencia de g\u00e9nero, Niotti explic\u00f3: &#8216;<strong><em>La justicia deriva a aquellos hombres que han ejercido violencia hacia la mujer a un espacio grupal, con un equipo interdisciplinario conformado por una psic\u00f3loga, una abogada y una psic\u00f3loga social. A trav\u00e9s de la reflexi\u00f3n de hechos, conocimiento de la legislaci\u00f3n actual y de la tem\u00e1tica violencia de g\u00e9nero, durante el plazo de un a\u00f1o, intentan reemplazar las conductas nocivas, aprendidas en la sociedad, por conductas que favorezcan relaciones en igualdad y sin violencia<\/em><\/strong>&#8216;. <\/span><\/p>\n<p><span style=\"color: #000000;\">&#8216;<strong><em>Cuando finaliza el a\u00f1o de trabajo comienza el seguimiento, se cita al var\u00f3n para ir viendo c\u00f3mo le est\u00e1 yendo y hasta ahora se han tenido buenos resultados. A cada asistencia al grupo terap\u00e9utico se le entrega un certificado que debe presentar en el juzgado, al igual que al concluirlo<\/em><\/strong>&#8216;, concluy\u00f3.<\/span><\/p>\n<h5><span style=\"color: #000000;\">\u2022F.B.<\/span><\/h5>\n","protected":false},"excerpt":{"rendered":"<p>La Asesora de la Mujer y Desarrollo de las Familias, Silvia Vega, en conferencia de prensa, brind\u00f3 informaci\u00f3n acerca del trabajo &#8230;<\/p>\n","protected":false},"author":8,"featured_media":104342,"comment_status":"open","ping_status":"open","sticky":false,"template":"","format":"standard","meta":{"footnotes":""},"categories":[1],"tags":[],"class_list":["post-104341","post","type-post","status-publish","format-standard","has-post-thumbnail","hentry","category-fmvinas"],"_links":{"self":[{"href":"https:\/\/vinasfm.com\/noticias\/wp-json\/wp\/v2\/posts\/104341","targetHints":{"allow":["GET"]}}],"collection":[{"href":"https:\/\/vinasfm.com\/noticias\/wp-json\/wp\/v2\/posts"}],"about":[{"href":"https:\/\/vinasfm.com\/noticias\/wp-json\/wp\/v2\/types\/post"}],"author":[{"embeddable":true,"href":"https:\/\/vinasfm.com\/noticias\/wp-json\/wp\/v2\/users\/8"}],"replies":[{"embeddable":true,"href":"https:\/\/vinasfm.com\/noticias\/wp-json\/wp\/v2\/comments?post=104341"}],"version-history":[{"count":3,"href":"https:\/\/vinasfm.com\/noticias\/wp-json\/wp\/v2\/posts\/104341\/revisions"}],"predecessor-version":[{"id":104347,"href":"https:\/\/vinasfm.com\/noticias\/wp-json\/wp\/v2\/posts\/104341\/revisions\/104347"}],"wp:featuredmedia":[{"embeddable":true,"href":"https:\/\/vinasfm.com\/noticias\/wp-json\/wp\/v2\/media\/104342"}],"wp:attachment":[{"href":"https:\/\/vinasfm.com\/noticias\/wp-json\/wp\/v2\/media?parent=104341"}],"wp:term":[{"taxonomy":"category","embeddable":true,"href":"https:\/\/vinasfm.com\/noticias\/wp-json\/wp\/v2\/categories?post=104341"},{"taxonomy":"post_tag","embeddable":true,"href":"https:\/\/vinasfm.com\/noticias\/wp-json\/wp\/v2\/tags?post=104341"}],"curies":[{"name":"wp","href":"https:\/\/api.w.org\/{rel}","templated":true}]}}