{"id":104333,"date":"2022-01-07T19:01:35","date_gmt":"2022-01-07T22:01:35","guid":{"rendered":"http:\/\/vinasfm.com\/noticias\/?p=104333"},"modified":"2022-01-11T08:27:49","modified_gmt":"2022-01-11T11:27:49","slug":"monte-coman-motociclista-perdio-la-vida-tras-colisionar-contra-un-guardarrail","status":"publish","type":"post","link":"https:\/\/vinasfm.com\/noticias\/monte-coman-motociclista-perdio-la-vida-tras-colisionar-contra-un-guardarrail\/","title":{"rendered":"MONTE COM\u00c1N: MOTOCICLISTA PERDI\u00d3 LA VIDA TRAS COLISIONAR CONTRA UN GUARDARRAIL"},"content":{"rendered":"<h4><span style=\"color: #000000;\"><strong>Un motociclista de 48 a\u00f1os falleci\u00f3 en la tarde de viernes en el distrito sanrafaelino de Monte Com\u00e1n luego de protagonizar un accidente de tr\u00e1nsito sin intervenci\u00f3n de terceros en Ruta 146<\/strong>.<\/span><\/h4>\n<p><span style=\"color: #000000;\">El hecho fatal sucedi\u00f3<strong> cerca de las 16hs<\/strong> sobre la <strong>ruta 146<\/strong>, en inmediaciones de la estaci\u00f3n de servicio del distrito de\u00a0<strong>Monte Com\u00e1n.\u00a0<\/strong>En esa zona, <strong>Hern\u00e1n Ariel Sandillu<\/strong> (<strong>48<\/strong>) circulaba en su<strong> moto KTM 200cc<\/strong> (Dominio 860-KZM) en direcci\u00f3n al oeste y <strong>en la segunda curva despu\u00e9s del puente perdi\u00f3 el dominio del rodado<\/strong> y choc\u00f3 contra el guardarra\u00edl.<\/span><\/p>\n<aside class=\"htmlinline\">\n<div id=\"div-gpt-ad-entreparrafos(1)\" data-google-query-id=\"CK_NuMXeoPUCFRMxuQYdzIEL_w\">\n<p><span style=\"color: #000000;\">Tras el accidente, testigos llamaron al 911 y arribaron a la escena m\u00e9dicos del <strong>SEC<\/strong> (<em>Servicio de Emergencias Coordinado<\/em>), quienes<strong> constataron el deceso de la v\u00edctima<\/strong>.<\/span><\/p>\n<p><span style=\"color: #000000;\">Efectivos de la <strong>Comisar\u00eda 64\u00b0<\/strong> trabajaron en el lugar bajo instrucci\u00f3n de la<strong> Unidad Fiscal de Monte Com\u00e1n.<\/strong><\/span><\/p>\n<\/div>\n<\/aside>\n","protected":false},"excerpt":{"rendered":"<p>Un motociclista de 48 a\u00f1os falleci\u00f3 en la tarde de viernes en el distrito sanrafaelino de Monte Com\u00e1n luego de protagonizar &#8230;<\/p>\n","protected":false},"author":8,"featured_media":104334,"comment_status":"open","ping_status":"open","sticky":false,"template":"","format":"standard","meta":{"footnotes":""},"categories":[5,4],"tags":[],"class_list":["post-104333","post","type-post","status-publish","format-standard","has-post-thumbnail","hentry","category-actualidad","category-policiales"],"_links":{"self":[{"href":"https:\/\/vinasfm.com\/noticias\/wp-json\/wp\/v2\/posts\/104333","targetHints":{"allow":["GET"]}}],"collection":[{"href":"https:\/\/vinasfm.com\/noticias\/wp-json\/wp\/v2\/posts"}],"about":[{"href":"https:\/\/vinasfm.com\/noticias\/wp-json\/wp\/v2\/types\/post"}],"author":[{"embeddable":true,"href":"https:\/\/vinasfm.com\/noticias\/wp-json\/wp\/v2\/users\/8"}],"replies":[{"embeddable":true,"href":"https:\/\/vinasfm.com\/noticias\/wp-json\/wp\/v2\/comments?post=104333"}],"version-history":[{"count":5,"href":"https:\/\/vinasfm.com\/noticias\/wp-json\/wp\/v2\/posts\/104333\/revisions"}],"predecessor-version":[{"id":104340,"href":"https:\/\/vinasfm.com\/noticias\/wp-json\/wp\/v2\/posts\/104333\/revisions\/104340"}],"wp:featuredmedia":[{"embeddable":true,"href":"https:\/\/vinasfm.com\/noticias\/wp-json\/wp\/v2\/media\/104334"}],"wp:attachment":[{"href":"https:\/\/vinasfm.com\/noticias\/wp-json\/wp\/v2\/media?parent=104333"}],"wp:term":[{"taxonomy":"category","embeddable":true,"href":"https:\/\/vinasfm.com\/noticias\/wp-json\/wp\/v2\/categories?post=104333"},{"taxonomy":"post_tag","embeddable":true,"href":"https:\/\/vinasfm.com\/noticias\/wp-json\/wp\/v2\/tags?post=104333"}],"curies":[{"name":"wp","href":"https:\/\/api.w.org\/{rel}","templated":true}]}}