{"id":104297,"date":"2022-01-08T15:27:52","date_gmt":"2022-01-08T18:27:52","guid":{"rendered":"http:\/\/vinasfm.com\/noticias\/?p=104297"},"modified":"2022-01-10T10:36:05","modified_gmt":"2022-01-10T13:36:05","slug":"cuanto-cobraran-los-beneficiarios-de-anses-en-enero-de-2022","status":"publish","type":"post","link":"https:\/\/vinasfm.com\/noticias\/cuanto-cobraran-los-beneficiarios-de-anses-en-enero-de-2022\/","title":{"rendered":"CU\u00c1NTO COBRAR\u00c1N LOS BENEFICIARIOS DE ANSES EN ENERO DE 2022"},"content":{"rendered":"<h4><span style=\"color: #000000;\"><strong>Ahora que arranc\u00f3 enero, tambi\u00e9n se pone en marcha el\u00a0calendario de pagos\u00a0de la Administraci\u00f3n Nacional de la Seguridad Social\u00a0(ANSES) para todos sus beneficiarios. Adem\u00e1s de conocer sus fechas de cobro, tambi\u00e9n se van dando a conocer los\u00a0montos totales que cada grupo percibe en enero.\u00a0En marzo tendr\u00e1n un nuevo aumento por Ley de Movilidad.<\/strong><\/span><\/h4>\n<h4><span style=\"color: #000000;\"><strong>\u00bfCu\u00e1nto cobran las Pensiones no Contributivas (PNC)?<\/strong><\/span><\/h4>\n<ul>\n<li><span style=\"color: #000000;\">PNC Madres de 7 hijos &#x27a1; lo mismo que una jubilaci\u00f3n m\u00ednima, es decir que en enero perciben\u00a0<strong>$29.062<\/strong>, pero\u00a0se suman tambi\u00e9n los $12.000 de Tarjeta Alimentaria, que se deposita en la cuenta en las mismas fechas.<\/span><\/li>\n<li><span style=\"color: #000000;\">Pensi\u00f3n por Vejez o Invalidez\u00a0&#x27a1; Se percibe el 70% de la m\u00ednima, por lo que en enero es de\u00a0<strong>$20.343<\/strong>\u00a0aproximadamente.<\/span><\/li>\n<li><span style=\"color: #000000;\">Pensi\u00f3n por Discapacidad\u00a0&#x27a1;\u00a0<strong>$20.247<\/strong>\u00a0aproximadamente.<\/span><\/li>\n<li><span style=\"color: #000000;\">Pensi\u00f3n Universal al Adulto Mayor (PUAM)\u00a0&#x27a1; 80% de la m\u00ednima, as\u00ed que cobran\u00a0<strong>$23.250<\/strong>\u00a0aproximadamente en enero.<\/span><\/li>\n<\/ul>\n<p><span style=\"color: #000000;\">En cuanto a su cronograma de pagos,\u00a0<strong>empez\u00f3 el martes 4. Faltan cobrar:<\/strong><\/span><\/p>\n<ul>\n<li><span style=\"color: #000000;\">Documentos terminados en 4 y 5: jueves 6 de enero<\/span><\/li>\n<li><span style=\"color: #000000;\">Documentos terminados en 6 y 7: viernes 7 de enero<\/span><\/li>\n<li><span style=\"color: #000000;\">Documentos terminados en 8 y 9: lunes 10 de enero<\/span><\/li>\n<\/ul>\n<h4><span style=\"color: #000000;\"><strong>Cu\u00e1nto cobro de jubilaci\u00f3n o pensi\u00f3n enero 2022<\/strong><\/span><\/h4>\n<p><span style=\"color: #000000;\">Con el incremento de diciembre, todas las jubilaciones y pensiones subieron. Ac\u00e1, los montos actuales:<\/span><\/p>\n<ul>\n<li><span style=\"color: #000000;\"><strong>Jubilaci\u00f3n o pensi\u00f3n m\u00ednima &#x27a1; $29.062<\/strong><\/span><\/li>\n<li><span style=\"color: #000000;\">Dos haberes m\u00ednimos (jubilaci\u00f3n y pensi\u00f3n)\u00a0&#x27a1; $58.123<\/span><\/li>\n<li><span style=\"color: #000000;\">Jubilaci\u00f3n m\u00e1xima\u00a0&#x27a1; $195.557<\/span><\/li>\n<li><span style=\"color: #000000;\">Las fechas de cobro arrancan el martes 11 de enero con los documentos terminados en 0.<\/span><\/li>\n<\/ul>\n<h4><span style=\"color: #000000;\"><strong>Montos AUH enero 2022<\/strong><\/span><\/h4>\n<p><span style=\"color: #000000;\">Con el aumento,\u00a0<strong>AUH pas\u00f3\u00a0a $4541<\/strong>\u00a0por cada hijo. A eso se le suman los montos de la\u00a0<strong>Tarjeta Alimentar\u00a0<\/strong>y los\u00a0$7083 de retenido, para quienes\u00a0presentaron la Declaraci\u00f3n Jurada en noviembre. Tambi\u00e9n, si est\u00e1n en\u00a0<strong>Potenciar Trabajo<\/strong>, reciben el salario complementario de $16.000, que adem\u00e1s en febrero tiene nuevo aumento.<\/span><\/p>\n<p><span style=\"color: #000000;\">A todo esto\u00a0<strong>se le resta la cuota por cr\u00e9ditos ANSES<\/strong>. Se descuenta entre $500 y $700 aproximadamente cada mes.\u00a0Con respecto a la llegada de un bono o alg\u00fan beneficio para la asignaci\u00f3n,\u00a0<strong>no ha sido confirmado<\/strong> por el Gobierno y habr\u00e1 que esperar para saber si hay novedades en enero.<\/span><\/p>\n<h4><span style=\"color: #000000;\"><strong>Cu\u00e1nto cobra SUAF en enero<\/strong><\/span><\/h4>\n<p><span style=\"color: #000000;\">Por su parte,\u00a0<strong>SUAF pas\u00f3\u00a0a $5677<\/strong>\u00a0por cada hijo, pero\u00a0<strong>el complemento es m\u00e1s bajo: $4.449 para el tramo 1 y $3001 para el tramo 2<\/strong>. Sin embargo hay que recordar que la asignaci\u00f3n aumenta por zona y que cuando el Ingreso del Grupo Familiar (IGF) es m\u00e1s alto, la asignaci\u00f3n baja. Tambi\u00e9n se descuentan las cuotas por cr\u00e9ditos.<\/span><\/p>\n<p><span style=\"color: #000000;\">Para e<strong>nero est\u00e1 totalmente confirmado el pago del complemento SUAF<\/strong>\u00a0y habr\u00e1 que esperar para saber c\u00f3mo sigue el resto del a\u00f1o.<\/span><\/p>\n<p><span style=\"color: #000000;\"><strong>Calendario de pagos AUH y SUAF:<\/strong><\/span><\/p>\n<ul>\n<li><span style=\"color: #000000;\">Documentos terminados en 0 &#x27a1; martes 11 de enero<\/span><\/li>\n<li><span style=\"color: #000000;\">Documentos terminados en 1\u00a0&#x27a1; mi\u00e9rcoles 12 de enero<\/span><\/li>\n<li><span style=\"color: #000000;\">Documentos terminados en 2\u00a0&#x27a1; jueves 13 de enero<\/span><\/li>\n<li><span style=\"color: #000000;\">Documentos terminados en 3\u00a0&#x27a1; viernes 14 de enero<\/span><\/li>\n<li><span style=\"color: #000000;\">Documentos terminados en 4\u00a0&#x27a1; lunes 17 de enero<\/span><\/li>\n<li><span style=\"color: #000000;\">Documentos terminados en 5\u00a0&#x27a1; martes 18 de enero<\/span><\/li>\n<li><span style=\"color: #000000;\">Documentos terminados en 6\u00a0&#x27a1; mi\u00e9rcoles 19 de enero<\/span><\/li>\n<li><span style=\"color: #000000;\">Documentos terminados en 7\u00a0&#x27a1; jueves 20 de enero<\/span><\/li>\n<li><span style=\"color: #000000;\">Documentos terminados en 8\u00a0&#x27a1; viernes 21 de enero<\/span><\/li>\n<li><span style=\"color: #000000;\">Documentos terminados en 9\u00a0&#x27a1; lunes 24 de enero<\/span><\/li>\n<\/ul>\n<h4><span style=\"color: #000000;\"><strong>Ayuda escolar 2022<\/strong><\/span><\/h4>\n<p><span style=\"color: #000000;\">En marzo se paga autom\u00e1ticamente la Ayuda Escolar Anual a las asignaciones.\u00a0<strong>Actualmente el monto es de $4758, pero se estima que tendr\u00e1 un fuerte aumento<\/strong>, aunque todav\u00eda no se confirma ni se sabe el monto exacto.<\/span><\/p>\n<h4><span style=\"color: #000000;\"><strong>Asignaci\u00f3n por Embarazo, Prenatal y Maternidad<\/strong><\/span><\/h4>\n<p><span style=\"color: #000000;\">Por un lado, la Asignaci\u00f3n por Embarazo (AUE) -destinada a trabajadores informales o desocupados que despu\u00e9s pasan a la AUH- es de\u00a0<strong>$4541<\/strong>.<\/span><\/p>\n<p><span style=\"color: #000000;\">Por su parte, Prenatal y Maternidad es para los trabajadores y monotributistas que despu\u00e9s pasar\u00e1n a la Asignaci\u00f3n Familiar por Hijo (SUAF) y se pagan\u00a0<strong>$5677<\/strong>\u00a0generales.<\/span><\/p>\n<h4><span style=\"color: #000000;\"><strong>\u00bfDe cu\u00e1nto son las asignaciones de pago \u00fanico?<\/strong><\/span><\/h4>\n<ol>\n<li><span style=\"color: #000000;\">Matrimonio\u00a0&#x27a1; $9912<\/span><\/li>\n<li><span style=\"color: #000000;\">Nacimiento\u00a0&#x27a1; $6619<\/span><\/li>\n<li><span style=\"color: #000000;\">Adopci\u00f3n\u00a0&#x27a1; $39.589<\/span><\/li>\n<\/ol>\n<p><span style=\"color: #000000;\">Para todas las terminaciones de documento, hay\u00a0<strong>dos pagos:<\/strong><\/span><\/p>\n<ul>\n<li><span style=\"color: #000000;\">1\u00b0 quincena &#x27a1; viernes 7 de enero al 14 de febrero<\/span><\/li>\n<li><span style=\"color: #000000;\">2\u00b0 quincena &#x27a1; viernes 21 de enero al 14 de febrero<\/span><\/li>\n<\/ul>\n<h4><span style=\"color: #000000;\"><strong>\u00bfCu\u00e1nto cobro de Desempleo?<\/strong><\/span><\/h4>\n<p><span style=\"color: #000000;\">Los montos var\u00edan, pero en general se cobra alrededor de $13.000, dependiendo del trabajo y antig\u00fcedad que ten\u00eda antes la persona beneficiaria de la prestaci\u00f3n por Desempleo.<\/span><\/p>\n<p><span style=\"color: #000000;\">Plan 1:<\/span><\/p>\n<ul>\n<li><span style=\"color: #000000;\">DNI terminados en 0 y 1 &#x27a1; viernes 21 de enero<\/span><\/li>\n<li><span style=\"color: #000000;\">DNI terminados en 2 y 3\u00a0&#x27a1; lunes 24 de enero<\/span><\/li>\n<li><span style=\"color: #000000;\">DNI terminados en 4 y 5\u00a0&#x27a1; martes 25 de enero<\/span><\/li>\n<li><span style=\"color: #000000;\">DNI terminados en 6 y 7\u00a0&#x27a1; mi\u00e9rcoles 26 de enero<\/span><\/li>\n<li><span style=\"color: #000000;\">DNI terminados en 8 y 9\u00a0&#x27a1; jueves 27 de enero<\/span><\/li>\n<\/ul>\n<p><span style=\"color: #000000;\">Plan 2 y 3:<\/span><\/p>\n<p><span style=\"color: #000000;\">Para todas las terminaciones de documento, desde el mi\u00e9rcoles 5 de enero al lunes 10 de enero.<\/span><\/p>\n<h4><span style=\"color: #000000;\"><strong>De cu\u00e1nto es el salario de Potenciar Trabajo<\/strong><\/span><\/h4>\n<p><span style=\"color: #000000;\">Es la mitad de un Salario M\u00ednimo, Vital y M\u00f3vil (SMVM), o sea que\u00a0<strong>actualmente est\u00e1 en $16.000 aproximadamente<\/strong>. El nuevo aumento por ley ser\u00e1 en febrero, donde llegar\u00e1 a casi $16.400.<\/span><\/p>\n<h4><span style=\"color: #000000;\"><strong>Montos enero 2022 Tarjeta Alimentar<\/strong><\/span><\/h4>\n<p><span style=\"color: #000000;\">Por ahora no se confirm\u00f3 un extra o aumento, as\u00ed que los montos de la Tarjeta Alimentar siguen siendo:<\/span><\/p>\n<ul>\n<li><span style=\"color: #000000;\">$6000 por un hijo<\/span><\/li>\n<li><span style=\"color: #000000;\">$9000 por dos hijos<\/span><\/li>\n<li><span style=\"color: #000000;\">$12.000 por tres o m\u00e1s hijos y para la PNC Madres de 7 hijos<\/span><\/li>\n<\/ul>\n<p><span style=\"color: #000000;\">La Tarjeta Alimentaria\u00a0<strong>se deposita en las cuentas de la AUH y PNC en enero<\/strong>, o sea que cobran en los d\u00edas seg\u00fan su cronograma de ANSES por terminaci\u00f3n de DNI y pueden retirar el dinero en efectivo.<\/span><\/p>\n<h4><span style=\"color: #000000;\"><strong>Progresar aumenta: \u00bfCu\u00e1nto cobro?<\/strong><\/span><\/h4>\n<p><span style=\"color: #000000;\">Con la ampliaci\u00f3n de las\u00a0<strong>becas Progresar<\/strong>, que ahora alcanzan a\u00a0<strong>estudiantes de 16 y 17 a\u00f1os<\/strong>\u00a0que se pueden inscribir hasta el 31 de enero, ANSES indic\u00f3 que aumenta a\u00a0<strong>$5677. Se paga el 80% todos los meses ($4541) y el 20% restante a fin de a\u00f1o<\/strong>\u00a0cuando hayan acreditado que siguen con los estudios, algo parecido a la AUH.<\/span><\/p>\n<p><span style=\"color: #000000;\">Las otras l\u00edneas de Progresar, como el nivel superior (terciarios y universitarios) perciben distintos montos seg\u00fan la carrera y a\u00f1o en el que est\u00e1n.<\/span><\/p>\n<h4><span style=\"color: #000000;\"><strong>C\u00f3mo consultar liquidaci\u00f3n, fecha y lugar de cobro<\/strong><\/span><\/h4>\n<p><span style=\"color: #000000;\">Desde este mi\u00e9rcoles 5 de enero se empezaron a cargar las fechas y liquidaciones de cada persona. Hay 3 opciones para consultar la fecha de cobro:<\/span><\/p>\n<p><span style=\"color: #000000;\"><strong>1)<\/strong>\u00a0Ingresar a la\u00a0<\/span><a class=\"link\" href=\"https:\/\/www.anses.gob.ar\/\" target=\"_blank\" rel=\"noopener\">p\u00e1gina oficial de ANSES<\/a>\u00a0<span style=\"color: #000000;\">y seleccionar en el inicio \u00abCalendario de pagos\u00bb, donde figuran las fechas para todos los beneficiarios.<\/span><\/p>\n<p><span style=\"color: #000000;\"><strong>2)<\/strong>\u00a0Ingresar a<\/span>\u00a0<a class=\"link\" href=\"https:\/\/servicioswww.anses.gob.ar\/dondecobrov2\" target=\"_blank\" rel=\"noopener\">Fecha y lugar de cobro ANSES<\/a>\u00a0<span style=\"color: #000000;\">con n\u00famero de CUIL, donde vas a ver el detalle de la liquidaci\u00f3n, d\u00eda y lugar de pago.<\/span><\/p>\n<p><span style=\"color: #000000;\"><strong>3)<\/strong>\u00a0Ingresar en<\/span>\u00a0<a class=\"link\" href=\"https:\/\/servicioscorp.anses.gob.ar\/clavelogon\/logon.aspx?system=miansesv2\" target=\"_blank\" rel=\"noopener\">Mi ANSES<\/a>\u00a0<span style=\"color: #000000;\">con CUIL y Clave de Seguridad Social y elegir \u00abCobros\u00bb para saber el detalle.<\/span><\/p>\n<h5><span style=\"color: #000000;\"><strong>El Ciudadano.<\/strong><\/span><\/h5>\n","protected":false},"excerpt":{"rendered":"<p>Ahora que arranc\u00f3 enero, tambi\u00e9n se pone en marcha el\u00a0calendario de pagos\u00a0de la Administraci\u00f3n Nacional de la Seguridad Social\u00a0(ANSES) para todos &#8230;<\/p>\n","protected":false},"author":8,"featured_media":56370,"comment_status":"open","ping_status":"open","sticky":false,"template":"","format":"standard","meta":{"footnotes":""},"categories":[5,50],"tags":[],"class_list":["post-104297","post","type-post","status-publish","format-standard","has-post-thumbnail","hentry","category-actualidad","category-anses"],"_links":{"self":[{"href":"https:\/\/vinasfm.com\/noticias\/wp-json\/wp\/v2\/posts\/104297","targetHints":{"allow":["GET"]}}],"collection":[{"href":"https:\/\/vinasfm.com\/noticias\/wp-json\/wp\/v2\/posts"}],"about":[{"href":"https:\/\/vinasfm.com\/noticias\/wp-json\/wp\/v2\/types\/post"}],"author":[{"embeddable":true,"href":"https:\/\/vinasfm.com\/noticias\/wp-json\/wp\/v2\/users\/8"}],"replies":[{"embeddable":true,"href":"https:\/\/vinasfm.com\/noticias\/wp-json\/wp\/v2\/comments?post=104297"}],"version-history":[{"count":1,"href":"https:\/\/vinasfm.com\/noticias\/wp-json\/wp\/v2\/posts\/104297\/revisions"}],"predecessor-version":[{"id":104298,"href":"https:\/\/vinasfm.com\/noticias\/wp-json\/wp\/v2\/posts\/104297\/revisions\/104298"}],"wp:featuredmedia":[{"embeddable":true,"href":"https:\/\/vinasfm.com\/noticias\/wp-json\/wp\/v2\/media\/56370"}],"wp:attachment":[{"href":"https:\/\/vinasfm.com\/noticias\/wp-json\/wp\/v2\/media?parent=104297"}],"wp:term":[{"taxonomy":"category","embeddable":true,"href":"https:\/\/vinasfm.com\/noticias\/wp-json\/wp\/v2\/categories?post=104297"},{"taxonomy":"post_tag","embeddable":true,"href":"https:\/\/vinasfm.com\/noticias\/wp-json\/wp\/v2\/tags?post=104297"}],"curies":[{"name":"wp","href":"https:\/\/api.w.org\/{rel}","templated":true}]}}