{"id":104291,"date":"2022-01-08T09:30:13","date_gmt":"2022-01-08T12:30:13","guid":{"rendered":"http:\/\/vinasfm.com\/noticias\/?p=104291"},"modified":"2022-01-10T10:34:31","modified_gmt":"2022-01-10T13:34:31","slug":"abrio-la-inscripcion-para-capacitarse-en-oficios-vinculados-al-turismo","status":"publish","type":"post","link":"https:\/\/vinasfm.com\/noticias\/abrio-la-inscripcion-para-capacitarse-en-oficios-vinculados-al-turismo\/","title":{"rendered":"ABRI\u00d3 LA INSCRIPCI\u00d3N PARA CAPACITARSE EN OFICIOS VINCULADOS AL TURISMO"},"content":{"rendered":"<h4><span style=\"color: #000000;\"><strong>El Ministerio de Econom\u00eda y Energ\u00eda junto a la Direcci\u00f3n General de Escuelas (DGE) brindar\u00e1n talleres de verano gratuitos y abiertos a todo p\u00fablico. Comenzar\u00e1n el 17 de enero en los departamentos de\u00a0<\/strong><strong>General Alvear, <\/strong><strong>Luj\u00e1n de Cuyo, Capital, Godoy Cruz, Guaymall\u00e9n, Jun\u00edn, Las Heras, Tunuy\u00e1n, Maip\u00fa, Malarg\u00fce y Rivadavia.<\/strong><\/span><\/h4>\n<p><span style=\"color: #000000;\">&#8216;<strong><em>En principio, tenemos un total de 450 vacantes para los talleres que se desarrollar\u00e1n durante enero y febrero. El objetivo es brindar herramientas de empleabilidad para aquellas personas que quieran fortalecer su salida laboral en el corto plazo<\/em><\/strong>&#8216;, explic\u00f3 <strong>Emilce Vega Espinoza<\/strong>, directora territorial de <strong>Empleo y Capacitaci\u00f3n<\/strong> de la provincia.<\/span><\/p>\n<p><span style=\"color: #000000;\">&#8216;<strong><em>Es un convenio con la DGE en el cual, desde Econom\u00eda, se financian las horas c\u00e1tedra de los docentes, con una inversi\u00f3n de 1,2 millones de pesos, y las certificaciones provinciales con aval de Naci\u00f3n se trabajan desde la Direcci\u00f3n General de Escuelas<\/em><\/strong>&#8216;, a\u00f1adi\u00f3 la funcionaria.<\/span><\/p>\n<p><span style=\"color: #000000;\">Se ofrecen formaciones vinculadas al sector tur\u00edstico, como<strong> ingl\u00e9s, atenci\u00f3n al cliente, pasteler\u00eda<\/strong> y<strong> mozo\/ camarero<\/strong>. <strong>Cada departamento maneja su cupo y dictar\u00e1 los cursos en los centros de capacitaci\u00f3n para el trabajo<\/strong>.<\/span><\/p>\n<p><span style=\"color: #000000;\">Las personas interesadas pueden solicitar m\u00e1s informaci\u00f3n en las <strong>oficinas de empleo de sus municipios<\/strong> o al tel\u00e9fono<strong> 4492534<\/strong>.<\/span><\/p>\n<h5><span style=\"color: #000000;\">\u2022F.B. (F.M. Vi\u00f1as).<\/span><\/h5>\n","protected":false},"excerpt":{"rendered":"<p>El Ministerio de Econom\u00eda y Energ\u00eda junto a la Direcci\u00f3n General de Escuelas (DGE) brindar\u00e1n talleres de verano gratuitos y abiertos &#8230;<\/p>\n","protected":false},"author":8,"featured_media":104295,"comment_status":"open","ping_status":"open","sticky":false,"template":"","format":"standard","meta":{"footnotes":""},"categories":[5,21],"tags":[],"class_list":["post-104291","post","type-post","status-publish","format-standard","has-post-thumbnail","hentry","category-actualidad","category-turismo-2"],"_links":{"self":[{"href":"https:\/\/vinasfm.com\/noticias\/wp-json\/wp\/v2\/posts\/104291","targetHints":{"allow":["GET"]}}],"collection":[{"href":"https:\/\/vinasfm.com\/noticias\/wp-json\/wp\/v2\/posts"}],"about":[{"href":"https:\/\/vinasfm.com\/noticias\/wp-json\/wp\/v2\/types\/post"}],"author":[{"embeddable":true,"href":"https:\/\/vinasfm.com\/noticias\/wp-json\/wp\/v2\/users\/8"}],"replies":[{"embeddable":true,"href":"https:\/\/vinasfm.com\/noticias\/wp-json\/wp\/v2\/comments?post=104291"}],"version-history":[{"count":1,"href":"https:\/\/vinasfm.com\/noticias\/wp-json\/wp\/v2\/posts\/104291\/revisions"}],"predecessor-version":[{"id":104294,"href":"https:\/\/vinasfm.com\/noticias\/wp-json\/wp\/v2\/posts\/104291\/revisions\/104294"}],"wp:featuredmedia":[{"embeddable":true,"href":"https:\/\/vinasfm.com\/noticias\/wp-json\/wp\/v2\/media\/104295"}],"wp:attachment":[{"href":"https:\/\/vinasfm.com\/noticias\/wp-json\/wp\/v2\/media?parent=104291"}],"wp:term":[{"taxonomy":"category","embeddable":true,"href":"https:\/\/vinasfm.com\/noticias\/wp-json\/wp\/v2\/categories?post=104291"},{"taxonomy":"post_tag","embeddable":true,"href":"https:\/\/vinasfm.com\/noticias\/wp-json\/wp\/v2\/tags?post=104291"}],"curies":[{"name":"wp","href":"https:\/\/api.w.org\/{rel}","templated":true}]}}