{"id":104281,"date":"2022-01-07T10:27:29","date_gmt":"2022-01-07T13:27:29","guid":{"rendered":"http:\/\/vinasfm.com\/noticias\/?p=104281"},"modified":"2022-01-11T09:40:23","modified_gmt":"2022-01-11T12:40:23","slug":"mediante-el-proyecto-papa-en-zona-cuyo-un-productor-local-inicio-su-emprendimiento-agricola","status":"publish","type":"post","link":"https:\/\/vinasfm.com\/noticias\/mediante-el-proyecto-papa-en-zona-cuyo-un-productor-local-inicio-su-emprendimiento-agricola\/","title":{"rendered":"MEDIANTE EL PROYECTO &#8216;PAPA EN ZONA CUYO&#8217;, UN PRODUCTOR LOCAL INICI\u00d3 SU EMPRENDIMIENTO AGR\u00cdCOLA"},"content":{"rendered":"<h4><span style=\"color: #000000;\"><strong>La Directora de la Estaci\u00f3n Experimental Agropecuaria (EEA) Rama Ca\u00edda del INTA Cecilia Picca junto al Secretario de Desarrollo y Promoci\u00f3n Departamental Carlos Ponce y al Director de Agricultura, Ganader\u00eda y Faena Agust\u00edn Anzorena, visitaron al Productor Agropecuario Ariel Moreno, quien ha sido beneficiario tanto del proyecto &#8216;<em>Papa en zona Cuyo<\/em>&#8216; como del Programa de recuperaci\u00f3n de pozos para riego. <\/strong><\/span><\/h4>\n<div id=\"attachment_104283\" style=\"width: 222px\" class=\"wp-caption alignleft\"><a style=\"color: #000000;\" href=\"http:\/\/vinasfm.com\/noticias\/wp-content\/uploads\/2022\/01\/f5646598-2715-4fa4-b877-0aca3b29e4f5.jpg\"><img loading=\"lazy\" decoding=\"async\" aria-describedby=\"caption-attachment-104283\" class=\" wp-image-104283\" src=\"http:\/\/vinasfm.com\/noticias\/wp-content\/uploads\/2022\/01\/f5646598-2715-4fa4-b877-0aca3b29e4f5.jpg\" alt=\"\" width=\"222\" height=\"167\" srcset=\"https:\/\/vinasfm.com\/noticias\/wp-content\/uploads\/2022\/01\/f5646598-2715-4fa4-b877-0aca3b29e4f5.jpg 1024w, https:\/\/vinasfm.com\/noticias\/wp-content\/uploads\/2022\/01\/f5646598-2715-4fa4-b877-0aca3b29e4f5-300x225.jpg 300w, https:\/\/vinasfm.com\/noticias\/wp-content\/uploads\/2022\/01\/f5646598-2715-4fa4-b877-0aca3b29e4f5-768x576.jpg 768w\" sizes=\"auto, (max-width: 222px) 100vw, 222px\" \/><\/a><p id=\"caption-attachment-104283\" class=\"wp-caption-text\"><span style=\"color: #000000;\">Diversificaci\u00f3n agraria.<\/span><\/p><\/div>\n<p><span style=\"color: #000000;\">El programa local &#8216;<em>Papa en zona Cuyo<\/em>&#8216; es llevado adelante en forma conjunta entre INTA y la Municipalidad de General Alvear mediante un convenio. Las variedades de Papa del proyecto son: <strong>Spunta, Sagitta, Innovator<\/strong> y <strong>Russet Burbank: &#8216;Es u<em>na iniciativa de la Direccci\u00f3n de Agricultura junto con el INTA que da al productor la posibilidad de encontrar alternativas que en este caso fue el primero que adhiri\u00f3. Hab\u00eda que empezar por el comienzo y es hacer una especializaci\u00f3n y que el INTA nos brinde el asesoramiento, las semillas y acompa\u00f1en a Ariel en este proceso para ver c\u00f3mo est\u00e1 su tierra y la zona<\/em><\/strong>&#8216;, manifest\u00f3 el Secretario de Desarrollo y Promoci\u00f3n Departamental.<\/span><\/p>\n<p><span style=\"color: #000000;\">En el marco del convenio con el INTA, &#8216;<strong><em>el municipio ha hecho un aporte dinerario para que el productor pueda afrontar todos los costos que tenga el desarrollo de este emprendimiento y el productor que pone la tierra y el trabajo que forma parte de una red integrada de ensayos<\/em><\/strong>&#8216;, sostuvo Ponce.<\/span><\/p>\n<p><span style=\"color: #000000;\">En este sentido, la <strong>Directora del INTA de Rama Ca\u00edda\u00a0<span style=\"line-height: 24px;\">Cecilia Picca<\/span><\/strong><span style=\"line-height: 1.5;\">\u00a0indic\u00f3: &#8216;<strong><em>Estamos realizando el seguimiento de este ensayo y el asesoramiento t\u00e9cnico en el marco del proyecto local de papas que se extiende en los valles cordilleranos de San Juan y de Mendoza. General Alvear se incorpor\u00f3 este a\u00f1o a esa red de ensayos donde se prueban distintas variedades y se eval\u00faa su comportamiento agron\u00f3mico en cada lugar en particular donde podemos evaluar c\u00f3mo se comparta en las condiciones de suelo y de ambiente<\/em><\/strong>&#8216;.<\/span><\/span><\/p>\n<p><span style=\"color: #000000;\">Sobre las cinco variedades de papas, explic\u00f3: &#8216;<strong><em>Estamos hablando de variedades tanto de uso para consumo directo y otras poco conocidas que tambi\u00e9n son de uso directo adem\u00e1s de las de uso industrial que tienen como destino principal otro proceso de cocci\u00f3n que son que por ah\u00ed m\u00e1s demanda la industria de papas fritas. Entonces la idea es hacerle conocer a los consumidores que hay distintas variedades de papas y que cada una tiene un uso espec\u00edfico particular&#8217;<\/em><\/strong>.<\/span><\/p>\n<p><span style=\"color: #000000;\">Por su parte, Moreno expres\u00f3: &#8216;<strong><em>Siempre me gust\u00f3 la idea de experimentar algo nuevo y mi viejo siempre pon\u00eda para el consumo y se daba bien, lo habl\u00e9 con Carlos (Ponce) y con Agust\u00edn (Anzorena) y me dieron la posibilidad de hacer una prueba ac\u00e1 y tenemos esto, es algo nuevo para mi y espero que produzca<\/em><\/strong>&#8216;.<\/span><\/p>\n<h5><span style=\"color: #000000;\">\u2022F.B. (F.M. Vi\u00f1as).<\/span><\/h5>\n","protected":false},"excerpt":{"rendered":"<p>La Directora de la Estaci\u00f3n Experimental Agropecuaria (EEA) Rama Ca\u00edda del INTA Cecilia Picca junto al Secretario de Desarrollo y Promoci\u00f3n &#8230;<\/p>\n","protected":false},"author":8,"featured_media":104282,"comment_status":"open","ping_status":"open","sticky":false,"template":"","format":"standard","meta":{"footnotes":""},"categories":[5,14],"tags":[],"class_list":["post-104281","post","type-post","status-publish","format-standard","has-post-thumbnail","hentry","category-actualidad","category-agro"],"_links":{"self":[{"href":"https:\/\/vinasfm.com\/noticias\/wp-json\/wp\/v2\/posts\/104281","targetHints":{"allow":["GET"]}}],"collection":[{"href":"https:\/\/vinasfm.com\/noticias\/wp-json\/wp\/v2\/posts"}],"about":[{"href":"https:\/\/vinasfm.com\/noticias\/wp-json\/wp\/v2\/types\/post"}],"author":[{"embeddable":true,"href":"https:\/\/vinasfm.com\/noticias\/wp-json\/wp\/v2\/users\/8"}],"replies":[{"embeddable":true,"href":"https:\/\/vinasfm.com\/noticias\/wp-json\/wp\/v2\/comments?post=104281"}],"version-history":[{"count":8,"href":"https:\/\/vinasfm.com\/noticias\/wp-json\/wp\/v2\/posts\/104281\/revisions"}],"predecessor-version":[{"id":104320,"href":"https:\/\/vinasfm.com\/noticias\/wp-json\/wp\/v2\/posts\/104281\/revisions\/104320"}],"wp:featuredmedia":[{"embeddable":true,"href":"https:\/\/vinasfm.com\/noticias\/wp-json\/wp\/v2\/media\/104282"}],"wp:attachment":[{"href":"https:\/\/vinasfm.com\/noticias\/wp-json\/wp\/v2\/media?parent=104281"}],"wp:term":[{"taxonomy":"category","embeddable":true,"href":"https:\/\/vinasfm.com\/noticias\/wp-json\/wp\/v2\/categories?post=104281"},{"taxonomy":"post_tag","embeddable":true,"href":"https:\/\/vinasfm.com\/noticias\/wp-json\/wp\/v2\/tags?post=104281"}],"curies":[{"name":"wp","href":"https:\/\/api.w.org\/{rel}","templated":true}]}}