{"id":104276,"date":"2022-01-07T08:00:12","date_gmt":"2022-01-07T11:00:12","guid":{"rendered":"http:\/\/vinasfm.com\/noticias\/?p=104276"},"modified":"2022-01-07T09:56:13","modified_gmt":"2022-01-07T12:56:13","slug":"comenzo-la-instalacion-de-paneles-solares-en-el-edificio-del-concejo-deliberante","status":"publish","type":"post","link":"https:\/\/vinasfm.com\/noticias\/comenzo-la-instalacion-de-paneles-solares-en-el-edificio-del-concejo-deliberante\/","title":{"rendered":"COMENZ\u00d3 LA INSTALACI\u00d3N DE PANELES SOLARES EN EL EDIFICIO DEL CONCEJO DELIBERANTE"},"content":{"rendered":"<h4><span style=\"color: #000000;\"><strong>En la ma\u00f1ana de este jueves se comenzaron a colocar los 21 paneles solares que alimentar\u00e1n de energ\u00eda fotovoltaica al edificio del Concejo Deliberante, obra licitada por la Municipalidad de General Alvear que representa una inversi\u00f3n de m\u00e1s de $1,5 millones procedente de la provincia.\u00a0<\/strong><\/span><\/h4>\n<p><span style=\"color: #000000;\">La iniciativa surgi\u00f3 de un proyecto presentado por el<strong> edil Pablo Longo<\/strong> y se realiza con fondos que brinda el <strong>Fondo Especial para el Desarrollo El\u00e9ctrico del Interior (FEDEI)<\/strong>, gestionados por el municipio: &#8216;<strong><em>Contentos porque comenz\u00f3 la instalaci\u00f3n de los paneles lo que significar\u00e1 en un ahorro importante convirtiendo en sustentables a los edificios del Concejo y la Municipalidad<\/em><\/strong>&#8216;, expres\u00f3 Longo, quien resalt\u00f3 que <strong>la inversi\u00f3n es de alrededor de $1,5 millones<\/strong>, recursos procedentes de la provincia de Mendoza.<\/span><\/p>\n<div id=\"attachment_104279\" style=\"width: 300px\" class=\"wp-caption alignright\"><a style=\"color: #000000;\" href=\"http:\/\/vinasfm.com\/noticias\/wp-content\/uploads\/2022\/01\/pablo-longo.jpg\"><img loading=\"lazy\" decoding=\"async\" aria-describedby=\"caption-attachment-104279\" class=\"size-medium wp-image-104279\" src=\"http:\/\/vinasfm.com\/noticias\/wp-content\/uploads\/2022\/01\/pablo-longo-300x200.jpg\" alt=\"\" width=\"300\" height=\"200\" srcset=\"https:\/\/vinasfm.com\/noticias\/wp-content\/uploads\/2022\/01\/pablo-longo-300x200.jpg 300w, https:\/\/vinasfm.com\/noticias\/wp-content\/uploads\/2022\/01\/pablo-longo-768x512.jpg 768w, https:\/\/vinasfm.com\/noticias\/wp-content\/uploads\/2022\/01\/pablo-longo.jpg 1024w\" sizes=\"auto, (max-width: 300px) 100vw, 300px\" \/><\/a><p id=\"caption-attachment-104279\" class=\"wp-caption-text\"><span style=\"color: #000000;\">Concejal Pablo Longo.<\/span><\/p><\/div>\n<p><span style=\"color: #000000;\">Consultado por <strong><em>F.M. Vi\u00f1as<\/em><\/strong> si este es el disparador para su implementaci\u00f3n en otros \u00e1mbitos, el edil sostuvo que &#8216;<strong><em>la idea es ampliar este plan para que otras instituciones estatales, privadas o particulares puedan acceder a esta tecnolog\u00eda de positivo impacto<\/em><\/strong>&#8216;.<\/span><\/p>\n<p><span style=\"color: #000000;\">Por otra parte el <strong>Ing. Mariano Ram\u00edrez<\/strong> explic\u00f3 que los trabajos consisten en el &#8216;<strong><em>montaje e instalaci\u00f3n de 21 paneles fotovoltaicos de 540 w de potencia y un inversor de red de 10.000 w de alta eficiencia, que inyectar\u00e1 la energ\u00eda sobrante al sistema, a fin de generar a\u00fan m\u00e1s rentabilidad<\/em><\/strong>&#8216;. En este sentido destac\u00f3 que <strong><em>&#8216;la provincia tiene unos 350 usuarios generadores y es bueno que este municipio adhiera a este programa<\/em><\/strong>&#8216;.<\/span><\/p>\n<p><span style=\"color: #000000;\"><strong>Los paneles solares <\/strong>(resistentes al granizo)<strong> tienen una vida \u00fatil de entre 25 y 30 a\u00f1os<\/strong> al igual que los inversores, es decir, <strong>el equipamiento electr\u00f3nico<\/strong> que estar\u00e1 conectado en el edificio del Concejo Deliberante que permitir\u00e1 generar un ahorro econ\u00f3mico durante todo el a\u00f1o: &#8216;<strong><em>Cuando no hay mucho consumo, el edificio utilizar\u00e1 el 100% de la energ\u00eda de los paneles y cuando hay uso de climatizaci\u00f3n usar\u00e1 el 40%; el resto de la energ\u00eda pasa el edificio municipal&#8217;<\/em><\/strong>, indic\u00f3 Ram\u00edrez, resaltando que &#8216;<strong><em>el sobrante de energ\u00eda por lo que el municipio vuelca el excedente a la red recibiendo una compensaci\u00f3n econ\u00f3mica<\/em><\/strong>&#8216;.<\/span><\/p>\n<h5><span style=\"color: #000000;\">\u2022F.B. (F.M. Vi\u00f1as).<\/span><\/h5>\n","protected":false},"excerpt":{"rendered":"<p>En la ma\u00f1ana de este jueves se comenzaron a colocar los 21 paneles solares que alimentar\u00e1n de energ\u00eda fotovoltaica al edificio &#8230;<\/p>\n","protected":false},"author":8,"featured_media":104280,"comment_status":"open","ping_status":"open","sticky":false,"template":"","format":"standard","meta":{"footnotes":""},"categories":[1],"tags":[],"class_list":["post-104276","post","type-post","status-publish","format-standard","has-post-thumbnail","hentry","category-fmvinas"],"_links":{"self":[{"href":"https:\/\/vinasfm.com\/noticias\/wp-json\/wp\/v2\/posts\/104276","targetHints":{"allow":["GET"]}}],"collection":[{"href":"https:\/\/vinasfm.com\/noticias\/wp-json\/wp\/v2\/posts"}],"about":[{"href":"https:\/\/vinasfm.com\/noticias\/wp-json\/wp\/v2\/types\/post"}],"author":[{"embeddable":true,"href":"https:\/\/vinasfm.com\/noticias\/wp-json\/wp\/v2\/users\/8"}],"replies":[{"embeddable":true,"href":"https:\/\/vinasfm.com\/noticias\/wp-json\/wp\/v2\/comments?post=104276"}],"version-history":[{"count":4,"href":"https:\/\/vinasfm.com\/noticias\/wp-json\/wp\/v2\/posts\/104276\/revisions"}],"predecessor-version":[{"id":104292,"href":"https:\/\/vinasfm.com\/noticias\/wp-json\/wp\/v2\/posts\/104276\/revisions\/104292"}],"wp:featuredmedia":[{"embeddable":true,"href":"https:\/\/vinasfm.com\/noticias\/wp-json\/wp\/v2\/media\/104280"}],"wp:attachment":[{"href":"https:\/\/vinasfm.com\/noticias\/wp-json\/wp\/v2\/media?parent=104276"}],"wp:term":[{"taxonomy":"category","embeddable":true,"href":"https:\/\/vinasfm.com\/noticias\/wp-json\/wp\/v2\/categories?post=104276"},{"taxonomy":"post_tag","embeddable":true,"href":"https:\/\/vinasfm.com\/noticias\/wp-json\/wp\/v2\/tags?post=104276"}],"curies":[{"name":"wp","href":"https:\/\/api.w.org\/{rel}","templated":true}]}}