{"id":104271,"date":"2022-01-07T06:26:38","date_gmt":"2022-01-07T09:26:38","guid":{"rendered":"http:\/\/vinasfm.com\/noticias\/?p=104271"},"modified":"2022-01-07T20:29:41","modified_gmt":"2022-01-07T23:29:41","slug":"los-reyes-magos-llevaron-alegria-a-las-colonias-de-verano-del-departamento","status":"publish","type":"post","link":"https:\/\/vinasfm.com\/noticias\/los-reyes-magos-llevaron-alegria-a-las-colonias-de-verano-del-departamento\/","title":{"rendered":"LOS REYES MAGOS LLEVARON ALEGR\u00cdA A LAS COLONIAS DE VERANO DEL DEPARTAMENTO"},"content":{"rendered":"<h4><strong><span style=\"color: #000000;\">Melchor, Gaspar y Baltazar llevaron toda alegr\u00eda y magia a las colonias de verano del departamento generando que cientos de ni\u00f1os disfrutaran de un momento agradable en el marco de una fecha especial para ellos.<\/span><\/strong><\/h4>\n<p><span style=\"color: #000000;\">El <strong>Director de Deportes Jer\u00f3nimo Colla<\/strong> celebr\u00f3 que los tres reyes magos visitaran a los chicos de entre 4 y 5 a\u00f1os en el polideportivo municipal y en el aeroclub &#8216;<strong><em>tratando de llevar un mensaje de alegr\u00eda a cada uno de los ni\u00f1os, que no pierdan la esperanza en estos tiempos dif\u00edciles que estamos viviendo por eso estamos contentos<\/em><\/strong>&#8216;, expres\u00f3, y en la misma l\u00ednea record\u00f3 que su visita &#8216;<strong><em>es una cultura que siempre se ha hecho a lo largo de toda la historia de coloni<\/em><em>a<\/em><\/strong>&#8216;.<\/span><\/p>\n<p><span style=\"color: #000000;\"> Este verano, producto del crecimiento de contagios, se respetaron los protocolos y los cuidados correspondientes seg\u00fan indic\u00f3 Colla quien adem\u00e1s reconoci\u00f3 &#8216;<strong><em>el gran trabajo que hacen los profes, los coordinadores de grupo y los monitores porque son ellos los que se han puesto al frente de esa actividad llev\u00e1ndole alegr\u00eda a cada ni\u00f1o<\/em><\/strong>&#8216;.<\/span><\/p>\n<p><span style=\"color: #000000;\">En este sentido fue consultado sobre el equipo que est\u00e1 coordinando las colonias de vacaciones: &#8216;<strong><em>Son m\u00e1s de 30 profes que est\u00e1n trabajando en polideportivo de ciudad, son cerca de 15 profes en el polideportivo de Bowen y otros 7 profes en aeroclub m\u00e1s lo que es Carmensa y los centros recreativos. Contamos con un plantel de cerca de 60 personas que con much\u00edsima profesionalidad y sobre todo en un trabajo de recreaci\u00f3n y actividad f\u00edsica le dan esa alegr\u00eda cada ma\u00f1ana a los ni\u00f1os que todos los mediod\u00edas llegan y charlan con su familia<\/em><\/strong>&#8216;.<\/span><\/p>\n<h5><span style=\"color: #000000;\">\u2022F.B. (F.M. Vi\u00f1as).<\/span><\/h5>\n","protected":false},"excerpt":{"rendered":"<p>Melchor, Gaspar y Baltazar llevaron toda alegr\u00eda y magia a las colonias de verano del departamento generando que cientos de ni\u00f1os &#8230;<\/p>\n","protected":false},"author":8,"featured_media":104272,"comment_status":"open","ping_status":"open","sticky":false,"template":"","format":"standard","meta":{"footnotes":""},"categories":[1],"tags":[],"class_list":["post-104271","post","type-post","status-publish","format-standard","has-post-thumbnail","hentry","category-fmvinas"],"_links":{"self":[{"href":"https:\/\/vinasfm.com\/noticias\/wp-json\/wp\/v2\/posts\/104271","targetHints":{"allow":["GET"]}}],"collection":[{"href":"https:\/\/vinasfm.com\/noticias\/wp-json\/wp\/v2\/posts"}],"about":[{"href":"https:\/\/vinasfm.com\/noticias\/wp-json\/wp\/v2\/types\/post"}],"author":[{"embeddable":true,"href":"https:\/\/vinasfm.com\/noticias\/wp-json\/wp\/v2\/users\/8"}],"replies":[{"embeddable":true,"href":"https:\/\/vinasfm.com\/noticias\/wp-json\/wp\/v2\/comments?post=104271"}],"version-history":[{"count":2,"href":"https:\/\/vinasfm.com\/noticias\/wp-json\/wp\/v2\/posts\/104271\/revisions"}],"predecessor-version":[{"id":104275,"href":"https:\/\/vinasfm.com\/noticias\/wp-json\/wp\/v2\/posts\/104271\/revisions\/104275"}],"wp:featuredmedia":[{"embeddable":true,"href":"https:\/\/vinasfm.com\/noticias\/wp-json\/wp\/v2\/media\/104272"}],"wp:attachment":[{"href":"https:\/\/vinasfm.com\/noticias\/wp-json\/wp\/v2\/media?parent=104271"}],"wp:term":[{"taxonomy":"category","embeddable":true,"href":"https:\/\/vinasfm.com\/noticias\/wp-json\/wp\/v2\/categories?post=104271"},{"taxonomy":"post_tag","embeddable":true,"href":"https:\/\/vinasfm.com\/noticias\/wp-json\/wp\/v2\/tags?post=104271"}],"curies":[{"name":"wp","href":"https:\/\/api.w.org\/{rel}","templated":true}]}}