{"id":104259,"date":"2022-01-06T23:59:29","date_gmt":"2022-01-07T02:59:29","guid":{"rendered":"http:\/\/vinasfm.com\/noticias\/?p=104259"},"modified":"2022-01-07T20:33:22","modified_gmt":"2022-01-07T23:33:22","slug":"buscaba-algo-para-llevarme-confeso-uno-de-los-dos-menores-detenidos-por-robar-en-el-b-alimentacion","status":"publish","type":"post","link":"https:\/\/vinasfm.com\/noticias\/buscaba-algo-para-llevarme-confeso-uno-de-los-dos-menores-detenidos-por-robar-en-el-b-alimentacion\/","title":{"rendered":"&#8216;BUSCABA ALGO PARA LLEVARME&#8217;, CONFES\u00d3 UNO DE LOS DOS MENORES DETENIDOS POR ROBAR EN EL B\u00b0 ALIMENTACI\u00d3N"},"content":{"rendered":"<h4><span style=\"color: #000000;\"><strong>Dos menores de 15 y 17 a\u00f1os fueron aprehendidos en horas de la madrugada de este jueves en una vivienda ubicada en <\/strong>manzana A<strong> del Barrio Alimentaci\u00f3n de Ciudad luego de que abrieran un veh\u00edculo estacionado y sustrajeran varios elementos de valor. A las horas recuperaron la libertad.<\/strong><\/span><\/h4>\n<p><span style=\"color: #000000;\">Autoridades policiales confirmaron en di\u00e1logo con <strong>F.M. Vi\u00f1as<\/strong> que alrededor de las <strong>04:55hs<\/strong> de este jueves, en el marco de un patrullaje preventivo realizando en la zona, <strong>observaron que en el interior de un autom\u00f3vil marca VW Voyage<\/strong> estacionado frente a una propiedad <strong>hab\u00eda dos sujetos<\/strong>, los que tras abrir la puerta del conductor, <strong>estaban apoder\u00e1ndose de <em>un cargador con USB de auto, un pen-drive, un llavero<\/em> y<em> un inflador de mano<\/em><\/strong>.<\/span><\/p>\n<p><span style=\"color: #000000;\">Al acercarse al rodado, uno de los sospechosos (15) les asegur\u00f3 que <strong><em>&#8216;estaba buscando algo para llevarse&#8217;<\/em><\/strong> por lo que inmediatamente fue aprehendido. Al registrar el lugar<strong> encontraron escondido detr\u00e1s de una pileta armada en el patio de la vivienda al segundo malviviente<\/strong> (17), el cual tambi\u00e9n fue capturado.<\/span><\/p>\n<p><span style=\"color: #000000;\">Enterado el due\u00f1o (43), <strong>reconoci\u00f3 que hab\u00eda dejado la movilidad sin medidas de seguridad y no hab\u00eda advertido la acci\u00f3n de los dos menores<\/strong>, quienes<strong> fueron trasladados a Comisar\u00eda 14\u00b0<\/strong> donde a posterior <strong>recuperaron la libertad siendo entregados a sus padres<\/strong>.<\/span><\/p>\n<p><span style=\"color: #000000;\">Se labraron actuaciones en &#8216;<strong><em>averiguaci\u00f3n tentativa de hurto<\/em><\/strong>&#8216; bajo instrucci\u00f3n de la <strong>Unidad Fiscal de General Alvear<\/strong>.<\/span><\/p>\n<h5><span style=\"color: #000000;\"><strong>\u2022F.B. (F.M. Vi\u00f1as).<\/strong><\/span><\/h5>\n","protected":false},"excerpt":{"rendered":"<p>Dos menores de 15 y 17 a\u00f1os fueron aprehendidos en horas de la madrugada de este jueves en una vivienda ubicada &#8230;<\/p>\n","protected":false},"author":8,"featured_media":101629,"comment_status":"open","ping_status":"open","sticky":false,"template":"","format":"standard","meta":{"footnotes":""},"categories":[5,4],"tags":[],"class_list":["post-104259","post","type-post","status-publish","format-standard","has-post-thumbnail","hentry","category-actualidad","category-policiales"],"_links":{"self":[{"href":"https:\/\/vinasfm.com\/noticias\/wp-json\/wp\/v2\/posts\/104259","targetHints":{"allow":["GET"]}}],"collection":[{"href":"https:\/\/vinasfm.com\/noticias\/wp-json\/wp\/v2\/posts"}],"about":[{"href":"https:\/\/vinasfm.com\/noticias\/wp-json\/wp\/v2\/types\/post"}],"author":[{"embeddable":true,"href":"https:\/\/vinasfm.com\/noticias\/wp-json\/wp\/v2\/users\/8"}],"replies":[{"embeddable":true,"href":"https:\/\/vinasfm.com\/noticias\/wp-json\/wp\/v2\/comments?post=104259"}],"version-history":[{"count":7,"href":"https:\/\/vinasfm.com\/noticias\/wp-json\/wp\/v2\/posts\/104259\/revisions"}],"predecessor-version":[{"id":104266,"href":"https:\/\/vinasfm.com\/noticias\/wp-json\/wp\/v2\/posts\/104259\/revisions\/104266"}],"wp:featuredmedia":[{"embeddable":true,"href":"https:\/\/vinasfm.com\/noticias\/wp-json\/wp\/v2\/media\/101629"}],"wp:attachment":[{"href":"https:\/\/vinasfm.com\/noticias\/wp-json\/wp\/v2\/media?parent=104259"}],"wp:term":[{"taxonomy":"category","embeddable":true,"href":"https:\/\/vinasfm.com\/noticias\/wp-json\/wp\/v2\/categories?post=104259"},{"taxonomy":"post_tag","embeddable":true,"href":"https:\/\/vinasfm.com\/noticias\/wp-json\/wp\/v2\/tags?post=104259"}],"curies":[{"name":"wp","href":"https:\/\/api.w.org\/{rel}","templated":true}]}}