{"id":104249,"date":"2022-01-06T09:40:57","date_gmt":"2022-01-06T12:40:57","guid":{"rendered":"http:\/\/vinasfm.com\/noticias\/?p=104249"},"modified":"2022-01-07T10:29:02","modified_gmt":"2022-01-07T13:29:02","slug":"identificaron-a-la-pareja-que-practicaba-sexo-oral-en-rincon-del-indio","status":"publish","type":"post","link":"https:\/\/vinasfm.com\/noticias\/identificaron-a-la-pareja-que-practicaba-sexo-oral-en-rincon-del-indio\/","title":{"rendered":"IDENTIFICARON A LA PAREJA QUE PRACTICABA SEXO ORAL EN RINC\u00d3N DEL INDIO"},"content":{"rendered":"<h4><span style=\"color: #000000;\"><strong>En las \u00faltimas horas, la Fiscal\u00eda de General Alvear, subrogada por la Dra. Mar\u00eda Borgna, confirm\u00f3 que est\u00e1n identificados los j\u00f3venes que fueron filmados por ba\u00f1istas en Rinc\u00f3n del Indio teniendo sexo oral en la ribera del R\u00edo Atuel.<\/strong><\/span><\/h4>\n<p><span style=\"color: #000000;\">El episodio que<strong> se produjo este fin de semana<\/strong> gener\u00f3 varias reacciones en la opini\u00f3n p\u00fablica luego de que se viralizara el video que filmaron un grupo de personas que observaron la situaci\u00f3n. A ra\u00edz de esto, <strong>personal del camping les pidi\u00f3 a los dos j\u00f3venes exhibicionistas que se retiraran<\/strong> ocasionando que estos, fuera de si, se ofuscaran y <strong>al salir impactaran contra otro veh\u00edculo estacionado en el lugar<\/strong>.<\/span><\/p>\n<p><span style=\"color: #000000;\">L<strong>a Justicia inici\u00f3 una causa de oficio<\/strong> ejecutada por la <strong>Unidad Investigativa<\/strong>. Al momento, <strong>no trascendi\u00f3 si han sido detenidos e imputados<\/strong>.<\/span><\/p>\n<p><span style=\"color: #000000;\">El <strong>C\u00f3digo Penal Argentino<\/strong>, en su <strong>art\u00edculo 129<\/strong> sobre exhibiciones obscenas prev\u00e9 lo siguiente: \u201c<strong><em>Ser\u00e1 reprimido con multa de mil a quince mil pesos el que ejecutare o hiciese ejecutar por otros actos de exhibiciones obscenas expuestas a ser vistas involuntariamente por terceros. Si los afectados fueren menores de dieciocho a\u00f1os, la pena ser\u00e1 de prisi\u00f3n de seis meses a cuatro a\u00f1os. Lo mismo valdr\u00e1, con independencia de la voluntad del afectado, cuando se tratare de un menor de trece a\u00f1os<\/em><\/strong>\u201d.<\/span><\/p>\n","protected":false},"excerpt":{"rendered":"<p>En las \u00faltimas horas, la Fiscal\u00eda de General Alvear, subrogada por la Dra. Mar\u00eda Borgna, confirm\u00f3 que est\u00e1n identificados los j\u00f3venes &#8230;<\/p>\n","protected":false},"author":8,"featured_media":104250,"comment_status":"open","ping_status":"open","sticky":false,"template":"","format":"standard","meta":{"footnotes":""},"categories":[5,22],"tags":[],"class_list":["post-104249","post","type-post","status-publish","format-standard","has-post-thumbnail","hentry","category-actualidad","category-justicia"],"_links":{"self":[{"href":"https:\/\/vinasfm.com\/noticias\/wp-json\/wp\/v2\/posts\/104249","targetHints":{"allow":["GET"]}}],"collection":[{"href":"https:\/\/vinasfm.com\/noticias\/wp-json\/wp\/v2\/posts"}],"about":[{"href":"https:\/\/vinasfm.com\/noticias\/wp-json\/wp\/v2\/types\/post"}],"author":[{"embeddable":true,"href":"https:\/\/vinasfm.com\/noticias\/wp-json\/wp\/v2\/users\/8"}],"replies":[{"embeddable":true,"href":"https:\/\/vinasfm.com\/noticias\/wp-json\/wp\/v2\/comments?post=104249"}],"version-history":[{"count":3,"href":"https:\/\/vinasfm.com\/noticias\/wp-json\/wp\/v2\/posts\/104249\/revisions"}],"predecessor-version":[{"id":104257,"href":"https:\/\/vinasfm.com\/noticias\/wp-json\/wp\/v2\/posts\/104249\/revisions\/104257"}],"wp:featuredmedia":[{"embeddable":true,"href":"https:\/\/vinasfm.com\/noticias\/wp-json\/wp\/v2\/media\/104250"}],"wp:attachment":[{"href":"https:\/\/vinasfm.com\/noticias\/wp-json\/wp\/v2\/media?parent=104249"}],"wp:term":[{"taxonomy":"category","embeddable":true,"href":"https:\/\/vinasfm.com\/noticias\/wp-json\/wp\/v2\/categories?post=104249"},{"taxonomy":"post_tag","embeddable":true,"href":"https:\/\/vinasfm.com\/noticias\/wp-json\/wp\/v2\/tags?post=104249"}],"curies":[{"name":"wp","href":"https:\/\/api.w.org\/{rel}","templated":true}]}}