{"id":104234,"date":"2022-01-08T12:30:55","date_gmt":"2022-01-08T15:30:55","guid":{"rendered":"http:\/\/vinasfm.com\/noticias\/?p=104234"},"modified":"2022-01-10T10:36:43","modified_gmt":"2022-01-10T13:36:43","slug":"mendoza-emprende-semilla-se-han-firmado-mas-de-10-contratos-para-el-desarrollo-de-emprendimientos-en-alvear","status":"publish","type":"post","link":"https:\/\/vinasfm.com\/noticias\/mendoza-emprende-semilla-se-han-firmado-mas-de-10-contratos-para-el-desarrollo-de-emprendimientos-en-alvear\/","title":{"rendered":"MENDOZA EMPRENDE SEMILLA: SE HAN FIRMADO M\u00c1S DE 10 CONTRATOS PARA EL DESARROLLO DE EMPRENDIMIENTOS EN ALVEAR"},"content":{"rendered":"<h4><span style=\"color: #000000;\"><strong>Este mi\u00e9rcoles, en la oficina de la Direcci\u00f3n de Desarrollo Econ\u00f3mico e Innovaci\u00f3n de la Secretaria de Desarrollo y Promoci\u00f3n Departamental, junto con personal de Mendoza Fiduciaria se procedi\u00f3 a la firma de 5 contratos correspondientes a la adjudicaci\u00f3n de la convocatoria del programa MENDOZA EMPRENDE SEMILLA que tiene por objeto apoyar y fomentar el desarrollo de emprendimientos en etapa temprana de toda la Provincia.<\/strong><\/span><\/h4>\n<p><span style=\"color: #000000;\">El programa<strong> consta de un cr\u00e9dito de $ 150.000 a devolver en 24 meses<\/strong> con una <strong>tasa fija del 12% anual<\/strong>; m\u00e1s una <strong>ANR<\/strong> (Aporte no reembolsable) de <strong>$100.000<\/strong>. <\/span><\/p>\n<p><span style=\"color: #000000;\">El objeto del financiamiento de estos 5 convenios<strong> favorecen a particulares que desarrollan emprendimientos productivos de General Alvear<\/strong> por un total de <strong>$1.250.000<\/strong> del cual $500.000 son subsidio directos para los beneficiarios.<\/span><\/p>\n<p><span style=\"color: #000000;\">A la fecha ya <strong>se han firmado m\u00e1s de 10 contratos para el desarrollo de diferentes actividades emprendedoras del departamento<\/strong> ascendiendo a un total de <strong>$2.500.000 de asistencia<\/strong> a la actividad econ\u00f3mica local del cual $1.000.000 son subsidio directos para los beneficiarios.<\/span><\/p>\n<p><span style=\"color: #000000;\">La asistencia para la presentaci\u00f3n de solicitudes del<strong><em> Mendoza Emprende Semilla<\/em> <\/strong>se hace en las oficinas de la <strong>Secretaria de Desarrollo en Intendente Morales 550<\/strong> de Ciudad donde con gusto atenderemos tu consulta.<\/span><\/p>\n","protected":false},"excerpt":{"rendered":"<p>Este mi\u00e9rcoles, en la oficina de la Direcci\u00f3n de Desarrollo Econ\u00f3mico e Innovaci\u00f3n de la Secretaria de Desarrollo y Promoci\u00f3n Departamental, &#8230;<\/p>\n","protected":false},"author":8,"featured_media":104235,"comment_status":"open","ping_status":"open","sticky":false,"template":"","format":"standard","meta":{"footnotes":""},"categories":[5,10],"tags":[],"class_list":["post-104234","post","type-post","status-publish","format-standard","has-post-thumbnail","hentry","category-actualidad","category-destacadas"],"_links":{"self":[{"href":"https:\/\/vinasfm.com\/noticias\/wp-json\/wp\/v2\/posts\/104234","targetHints":{"allow":["GET"]}}],"collection":[{"href":"https:\/\/vinasfm.com\/noticias\/wp-json\/wp\/v2\/posts"}],"about":[{"href":"https:\/\/vinasfm.com\/noticias\/wp-json\/wp\/v2\/types\/post"}],"author":[{"embeddable":true,"href":"https:\/\/vinasfm.com\/noticias\/wp-json\/wp\/v2\/users\/8"}],"replies":[{"embeddable":true,"href":"https:\/\/vinasfm.com\/noticias\/wp-json\/wp\/v2\/comments?post=104234"}],"version-history":[{"count":2,"href":"https:\/\/vinasfm.com\/noticias\/wp-json\/wp\/v2\/posts\/104234\/revisions"}],"predecessor-version":[{"id":104237,"href":"https:\/\/vinasfm.com\/noticias\/wp-json\/wp\/v2\/posts\/104234\/revisions\/104237"}],"wp:featuredmedia":[{"embeddable":true,"href":"https:\/\/vinasfm.com\/noticias\/wp-json\/wp\/v2\/media\/104235"}],"wp:attachment":[{"href":"https:\/\/vinasfm.com\/noticias\/wp-json\/wp\/v2\/media?parent=104234"}],"wp:term":[{"taxonomy":"category","embeddable":true,"href":"https:\/\/vinasfm.com\/noticias\/wp-json\/wp\/v2\/categories?post=104234"},{"taxonomy":"post_tag","embeddable":true,"href":"https:\/\/vinasfm.com\/noticias\/wp-json\/wp\/v2\/tags?post=104234"}],"curies":[{"name":"wp","href":"https:\/\/api.w.org\/{rel}","templated":true}]}}