{"id":104209,"date":"2022-01-06T15:50:03","date_gmt":"2022-01-06T18:50:03","guid":{"rendered":"http:\/\/vinasfm.com\/noticias\/?p=104209"},"modified":"2022-01-07T20:24:21","modified_gmt":"2022-01-07T23:24:21","slug":"oficializaron-la-suspension-de-eventos-masivos-en-alvear-ante-el-crecimiento-de-contagios","status":"publish","type":"post","link":"https:\/\/vinasfm.com\/noticias\/oficializaron-la-suspension-de-eventos-masivos-en-alvear-ante-el-crecimiento-de-contagios\/","title":{"rendered":"OFICIALIZARON LA SUSPENSI\u00d3N DE EVENTOS MASIVOS EN ALVEAR ANTE EL CRECIMIENTO DE CONTAGIOS"},"content":{"rendered":"<h4><span style=\"color: #000000;\"><strong><span style=\"color: #000000;\">A ra\u00edz del crecimiento de contagios de Covid-19 en los \u00faltimos d\u00edas, en el marco de la tercera ola, el gobierno municipal decidi\u00f3 suspender los eventos p\u00fablicos programados para este fin de semana y anunciaron la implementaci\u00f3n de la campa\u00f1a de hisopados ambulantes. Adem\u00e1s, solicitaron a la comunidad mantener los cuidados sanitarios, asistir a vacunarse e hisoparse ante la presencia de sintomatolog\u00eda.<\/span><\/strong><\/span><\/h4>\n<p><span style=\"color: #000000;\">En conferencia de prensa, el <strong>Secretario de Gobierno Mariano Varela<\/strong> anunci\u00f3 que <strong>producto del aumento de casos positivos<\/strong> de Coronavirus en el departamento, y <strong>luego de consultar la situaci\u00f3n epidemiol\u00f3gica a los directivos del Hospital Enfermeros Argentinos<\/strong>, <b>se decidi\u00f3 el cese de actividades tales como la Peatonal del Arte y el Vino, Costanera Suena y la coronaci\u00f3n de reinas <\/b><b>distritales<\/b><b> de la Vendimia<\/b>.<\/span><\/p>\n<p><span style=\"color: #000000;\">&#8216;<strong><em>Como municipio tenemos al responsabilidad de tomar estas medidas y por eso decidimos suspender todo tipo de eventos masivos<\/em><\/strong>&#8216;, sostuvo Varela, quien en la misma l\u00ednea convoc\u00f3 a los vecinos a &#8216;<strong><em>seguir cuid\u00e1ndose y respetar las medidas sanitarias<\/em><\/strong>&#8216;.\u00a0<\/span><\/p>\n<p><span style=\"color: #000000;\">&#8216;<strong><em>Hay un aumento no solo de hisopados sino tambi\u00e9n de casos positivos en el hospital y tras dialogar con los directivos del nosocomio local entendemos que es necesario desalentar este tipo de actividades en las cuales se aglomera mucha gente<\/em><\/strong>&#8216;, asever\u00f3 el Secretario de Gobierno.<\/span><\/p>\n<p><span style=\"color: #000000;\">Consultado por <strong><em>F.M. Vi\u00f1as<\/em><\/strong> sobre las implementaci\u00f3n de controles en lugares cerrados, el funcionario resalt\u00f3: &#8216;<strong><em>Estamos en contacto permanente con Inspecci\u00f3n General para controlar lugares cerrados que continuar\u00e1n al 70% de factor ocupacional. En esto tambi\u00e9n queremos pedirle a los comerciantes que hagan respetar esta medida<\/em><\/strong>&#8216;.<\/span><\/p>\n<p><span style=\"color: #000000;\">Por otra parte, la <strong>Coordinadora de Municipio Saludable Anal\u00eda Garc\u00eda<\/strong> inform\u00f3 acerca de una<strong> nueva campa\u00f1a de hisopados ambulantes<\/strong> que se suman a los puntos fijos a partir de la semana entrante: &#8216;<strong><em>Se est\u00e1 programando un trabajo en forma conjunta con el hospital para descentralizar los hisopados. Hoy se hacen en el hospital y los distritos por lo que hemos convenido hacerlo en la plaza departamental y en la del barrio San Carlos. Los d\u00edas y horarios los comunicaremos pr\u00f3ximamente<\/em><\/strong>&#8216;. <\/span><\/p>\n<p><span style=\"color: #000000;\">Asimismo, Garc\u00eda manifest\u00f3 que en la previa de la campa\u00f1a se capacitar\u00e1 al personal sobre la forma de realizaci\u00f3n y la carga de datos y record\u00f3 los puntos de vacunaci\u00f3n:<\/span><\/p>\n<p><span style=\"color: #000000;\"><strong>Lunes a viernes, de 9 a 12, en los centros de salud:<\/strong><\/span><\/p>\n<ul>\n<li><span style=\"color: #000000;\"><strong>Bowen<\/strong><\/span><\/li>\n<li><span style=\"color: #000000;\"><strong>Alvear Oeste<\/strong><\/span><\/li>\n<li><span style=\"color: #000000;\"><strong>CIC Barrio SOEMGA<\/strong><\/span><\/li>\n<li><span style=\"color: #000000;\"><strong>Barrio El Cald\u00e9n<\/strong><\/span><\/li>\n<li><span style=\"color: #000000;\"><strong>Isla Gorostiague<\/strong><\/span><\/li>\n<\/ul>\n<p><span style=\"color: #000000;\"><strong>Lunes a viernes de 16 a 19, en el Centro de Salud de Carmensa.<\/strong><\/span><br \/>\n<span style=\"color: #000000;\"><strong>Lunes a viernes de 7 a 13 y s\u00e1bados, domingos y feriados de 9 a 11.30, en el <\/strong><strong>Vacunatorio Central del departamento.<\/strong><\/span><\/p>\n<p><span style=\"color: #000000;\">Los vecinos de esos lugares podr\u00e1n acceder a la inmunizaci\u00f3n de:<\/span><\/p>\n<p><span style=\"color: #000000;\"><strong>\u2022De 3 a 17 a\u00f1os: 1\u00aa y 2\u00aa dosis sin turno previo.<\/strong><\/span><br \/>\n<span style=\"color: #000000;\"><strong>\u2022Mayores de 18 a\u00f1os: 1\u00aa, 2\u00aa y 3\u00aa dosis sin turno previo.<\/strong><\/span><\/p>\n<p><span style=\"color: #000000;\">Desde el Hospital local brindaron medidas de cuidado especial para evitar la propagaci\u00f3n del virus:<\/span><\/p>\n<ul>\n<li><span style=\"color: #000000;\"><strong>No asistir a eventos masivos ni eventos sociales <\/strong><\/span><\/li>\n<li><span style=\"color: #000000;\"><strong>Extremar cuidados en contactos con personas de riesgo <\/strong><\/span><\/li>\n<li><span style=\"color: #000000;\"><strong>Uso de Barbijo permanente en situaciones de cercan\u00eda a otras personas (en ambientes abiertos y cerrados) y adecuadamente colocado (bien ajustado y cubriendo nariz, boca y ment\u00f3n) <\/strong><\/span><\/li>\n<li><span style=\"color: #000000;\"><strong>Mantener distancia social<\/strong><\/span><\/li>\n<li><span style=\"color: #000000;\"><strong>Ventilar ambientes de forma continua<\/strong><\/span><\/li>\n<\/ul>\n<h5><span style=\"color: #000000;\">\u2022F.B. (F.M. Vi\u00f1as).<\/span><\/h5>\n","protected":false},"excerpt":{"rendered":"<p>A ra\u00edz del crecimiento de contagios de Covid-19 en los \u00faltimos d\u00edas, en el marco de la tercera ola, el gobierno &#8230;<\/p>\n","protected":false},"author":8,"featured_media":82082,"comment_status":"open","ping_status":"open","sticky":false,"template":"","format":"standard","meta":{"footnotes":""},"categories":[5,10],"tags":[],"class_list":["post-104209","post","type-post","status-publish","format-standard","has-post-thumbnail","hentry","category-actualidad","category-destacadas"],"_links":{"self":[{"href":"https:\/\/vinasfm.com\/noticias\/wp-json\/wp\/v2\/posts\/104209","targetHints":{"allow":["GET"]}}],"collection":[{"href":"https:\/\/vinasfm.com\/noticias\/wp-json\/wp\/v2\/posts"}],"about":[{"href":"https:\/\/vinasfm.com\/noticias\/wp-json\/wp\/v2\/types\/post"}],"author":[{"embeddable":true,"href":"https:\/\/vinasfm.com\/noticias\/wp-json\/wp\/v2\/users\/8"}],"replies":[{"embeddable":true,"href":"https:\/\/vinasfm.com\/noticias\/wp-json\/wp\/v2\/comments?post=104209"}],"version-history":[{"count":7,"href":"https:\/\/vinasfm.com\/noticias\/wp-json\/wp\/v2\/posts\/104209\/revisions"}],"predecessor-version":[{"id":104218,"href":"https:\/\/vinasfm.com\/noticias\/wp-json\/wp\/v2\/posts\/104209\/revisions\/104218"}],"wp:featuredmedia":[{"embeddable":true,"href":"https:\/\/vinasfm.com\/noticias\/wp-json\/wp\/v2\/media\/82082"}],"wp:attachment":[{"href":"https:\/\/vinasfm.com\/noticias\/wp-json\/wp\/v2\/media?parent=104209"}],"wp:term":[{"taxonomy":"category","embeddable":true,"href":"https:\/\/vinasfm.com\/noticias\/wp-json\/wp\/v2\/categories?post=104209"},{"taxonomy":"post_tag","embeddable":true,"href":"https:\/\/vinasfm.com\/noticias\/wp-json\/wp\/v2\/tags?post=104209"}],"curies":[{"name":"wp","href":"https:\/\/api.w.org\/{rel}","templated":true}]}}