{"id":104188,"date":"2022-01-05T23:59:57","date_gmt":"2022-01-06T02:59:57","guid":{"rendered":"http:\/\/vinasfm.com\/noticias\/?p=104188"},"modified":"2022-01-06T13:01:29","modified_gmt":"2022-01-06T16:01:29","slug":"deportes-anuncio-que-habra-colonias-de-verano-por-las-tardes","status":"publish","type":"post","link":"https:\/\/vinasfm.com\/noticias\/deportes-anuncio-que-habra-colonias-de-verano-por-las-tardes\/","title":{"rendered":"DEPORTES ANUNCI\u00d3 QUE HABR\u00c1 COLONIAS DE VERANO POR LAS TARDES"},"content":{"rendered":"<h4><span style=\"color: #000000;\"><strong>El Director de Deportes, Actividad F\u00edsica y Recreaci\u00f3n Jer\u00f3nimo Colla estuvo en Club Ferro Carril Oeste, donde brind\u00f3 detalles sobre c\u00f3mo est\u00e1n funcionando las colonias distritales, especialmente en Alvear Oeste, y anunci\u00f3 colonias de tarde.<\/strong><\/span><\/h4>\n<p><span style=\"color: #000000;\">&#8216;<strong><em>La pileta Polideportivo Deportistas Alvearenses permanece cerrada por un proceso de saneamiento porque personal de mantenimiento encontr\u00f3 materia fecal en el agua, entonces es necesario un proceso qu\u00edmico y de cloraci\u00f3n. Este proceso requiere de 24h, se baja a un cuarto el nivel de la pileta, se incorpora cloro al 90%, un proceso de s\u00faper cloraci\u00f3n y va a estar lista parta que la disfruten los chicos de la colonia ma\u00f1ana, mi\u00e9rcoles 5 de enero. La pileta del Aero Club entra en un proceso de oxidaci\u00f3n dado que el agua posee mucho hierro, requiere de tres d\u00edas de filtrado y el jueves 6 de enero, por la tarde, va a poder abrir nuevamente<\/em><\/strong>&#8216;, especific\u00f3 Colla.<\/span><\/p>\n<p><span style=\"color: #000000;\">Por la ma\u00f1ana, el funcionario estuvo recorriendo diferentes plazas donde funciona la colonia de verano. &#8216;<strong><em>En el Aero Club se trabaja en el r\u00edo, los chicos que asisten al polideportivo de Ciudad y centros recreativos asistieron al Club 8 de noviembre y aprovecharon para hacer actividades en la palestra<\/em><\/strong>&#8216;, subray\u00f3.<\/span><\/p>\n<p><span style=\"color: #000000;\">Alvear Oeste ha superado el cupo anual de colonos, que suele ser m\u00e1ximo de 70, con 90 inscriptos a la colonia de verano: &#8216;<strong><em>Aprovechamos a visitar las actividades y acompa\u00f1ar a los profesores en la plaza Manuel Belgrano, que se complementa a lo que se realiza en Club Ferro Carril Oeste y Parque Pueblo Luna, una linda oportunidad para que los chicos aprovechen los espacios locales. Igualmente, ayer estuvieron en pileta del polideportivo Deportistas Alvearenses y ma\u00f1ana van a volver a asistir<\/em><\/strong>&#8216;, indic\u00f3.<\/span><\/p>\n<p><span style=\"color: #000000;\">Es para destacar, que hoy arranca la colonia de tarde, con el objetivo de llegar a la zona rural, buscando reducir la presencia de ni\u00f1os en los espejos de agua, que est\u00e1n prohibidos y pueden tener diversas complicaciones, favoreciendo su accesibilidad a las piletas y que aprendan a nadar.<\/span><\/p>\n<p><span style=\"color: #000000;\">&#8216;<strong><em>Esta tarde se va a trasladar a los ni\u00f1os del Barrio Zangrandi hasta la pileta del Polideportivo de Bowen. Durante la semana, se har\u00e1 lo mismo en Barrio El Toscano, El Ceibo y Compuertas Negras. A\u00f1os anteriores, se realizaba esta actividad tres veces por semana y en esta temporada se har\u00e1 los cinco d\u00edas de la semana<\/em><\/strong>&#8216;, resalt\u00f3 el Director municipal.<\/span><\/p>\n<p><span style=\"color: #000000;\">Respecto a los protocolos por el Covid-19, &#8216;<strong><em>para poder terminar la colonia en las mejores condiciones, se control\u00f3 las recepciones y salidas de la colonia con uso de barbijo, consultando el esquema de vacunaci\u00f3n. Tambi\u00e9n, trabajamos con rotaci\u00f3n de los profesores, insistiendo en la vacunaci\u00f3n, el jueves pasado se vacun\u00f3 a gran parte del equipo en el Polideportivo. El objetivo es poder realizar las actividades con los cuidados correspondientes, entendiendo la importancia de la actividad f\u00edsica y la recreaci\u00f3n en el sistema inmunol\u00f3gico<\/em><\/strong>&#8216;, enfatiz\u00f3 Jer\u00f3nimo Colla y destac\u00f3: &#8216;<strong><em>Este viernes a las 12:30h vamos a trabajar en conjunto con el \u00c1rea de Salud, dado que va a haber operativo de vacunaci\u00f3n en el Polideportivo de Ciudad y pueden asistir los vecinos a inocularse con primera, segunda dosis o refuerzo<\/em><\/strong>&#8216;.<\/span><\/p>\n<p><span style=\"color: #000000;\">En la pileta del <strong>Polideportivo Deportistas Alvearenses<\/strong> se suman actividades a la tarde, Aquaerobic, los martes y jueves, de 13:30 a 14:30h, a un valor de $700. Tambi\u00e9n, nataci\u00f3n para adultos, de lunes a viernes, de 20 a 21:30h, con un costo de $1000. Las mismas, inician el jueves 7 de enero y los interesados pueden inscribirse en el Centro de Informaci\u00f3n de la Municipalidad de General Alvear. Adem\u00e1s, pueden hacer consultas por WhatsApp al <strong>2625 518329<\/strong>.<\/span><\/p>\n","protected":false},"excerpt":{"rendered":"<p>El Director de Deportes, Actividad F\u00edsica y Recreaci\u00f3n Jer\u00f3nimo Colla estuvo en Club Ferro Carril Oeste, donde brind\u00f3 detalles sobre c\u00f3mo &#8230;<\/p>\n","protected":false},"author":8,"featured_media":62001,"comment_status":"open","ping_status":"open","sticky":false,"template":"","format":"standard","meta":{"footnotes":""},"categories":[5,3],"tags":[],"class_list":["post-104188","post","type-post","status-publish","format-standard","has-post-thumbnail","hentry","category-actualidad","category-deportes"],"_links":{"self":[{"href":"https:\/\/vinasfm.com\/noticias\/wp-json\/wp\/v2\/posts\/104188","targetHints":{"allow":["GET"]}}],"collection":[{"href":"https:\/\/vinasfm.com\/noticias\/wp-json\/wp\/v2\/posts"}],"about":[{"href":"https:\/\/vinasfm.com\/noticias\/wp-json\/wp\/v2\/types\/post"}],"author":[{"embeddable":true,"href":"https:\/\/vinasfm.com\/noticias\/wp-json\/wp\/v2\/users\/8"}],"replies":[{"embeddable":true,"href":"https:\/\/vinasfm.com\/noticias\/wp-json\/wp\/v2\/comments?post=104188"}],"version-history":[{"count":2,"href":"https:\/\/vinasfm.com\/noticias\/wp-json\/wp\/v2\/posts\/104188\/revisions"}],"predecessor-version":[{"id":104192,"href":"https:\/\/vinasfm.com\/noticias\/wp-json\/wp\/v2\/posts\/104188\/revisions\/104192"}],"wp:featuredmedia":[{"embeddable":true,"href":"https:\/\/vinasfm.com\/noticias\/wp-json\/wp\/v2\/media\/62001"}],"wp:attachment":[{"href":"https:\/\/vinasfm.com\/noticias\/wp-json\/wp\/v2\/media?parent=104188"}],"wp:term":[{"taxonomy":"category","embeddable":true,"href":"https:\/\/vinasfm.com\/noticias\/wp-json\/wp\/v2\/categories?post=104188"},{"taxonomy":"post_tag","embeddable":true,"href":"https:\/\/vinasfm.com\/noticias\/wp-json\/wp\/v2\/tags?post=104188"}],"curies":[{"name":"wp","href":"https:\/\/api.w.org\/{rel}","templated":true}]}}