{"id":104184,"date":"2022-01-05T23:59:02","date_gmt":"2022-01-06T02:59:02","guid":{"rendered":"http:\/\/vinasfm.com\/noticias\/?p=104184"},"modified":"2022-01-06T13:07:42","modified_gmt":"2022-01-06T16:07:42","slug":"se-han-colocado-en-alvear-mas-de-94-mil-dosis-de-la-vacuna-contra-el-covid-19","status":"publish","type":"post","link":"https:\/\/vinasfm.com\/noticias\/se-han-colocado-en-alvear-mas-de-94-mil-dosis-de-la-vacuna-contra-el-covid-19\/","title":{"rendered":"SE HAN COLOCADO EN ALVEAR M\u00c1S DE 94 MIL DOSIS DE LA VACUNA CONTRA EL COVID-19"},"content":{"rendered":"<h4><strong><span style=\"color: #000000;\">La campa\u00f1a de vacunaci\u00f3n contra la COVID-19 contin\u00faa a un muy buen ritmo en el Sur provincial. Desde sus comienzos, a fin de 2020, ya se han colocado 429.084 dosis a los vecinos de la regi\u00f3n m\u00e1s austral de la provincia. Si observamos departamento por departamento, se <\/span><span style=\"color: #000000;\">registran\u00a0<\/span><span style=\"color: #000000;\">94.240 en General Alvear, <\/span><span style=\"color: #000000;\">284.777 en San Rafael,\u00a0 y 50.067 corresponden a la comuna de Malarg\u00fce.<\/span><\/strong><\/h4>\n<p><span style=\"color: #000000;\">La gran apuesta del sistema de salud es que los mayores de 18 a\u00f1os que cuenten con esquema de dos dosis se coloquen la tercera dosis de refuerzo y as\u00ed tener una poblaci\u00f3n con elevados registros de anticuerpos y de esta manera evitar una tercera ola con mayor complejidad de la patolog\u00eda como tambi\u00e9n mayores internaciones.<\/span><\/p>\n<p><span style=\"color: #000000;\">Seg\u00fan la \u00faltima estad\u00edstica elaborada por el Vacunatorio Central,<strong> 36.514 personas ya se han vacunado con refuerzo en el Sur mendocino<\/strong>. Este \u00faltimo dato se toma en base a las dosis colocadas en todos los punto de vacunaci\u00f3n fijos que se encuentran a lo largo del territorio como, a su vez, de cada uno de los operativos que se realizan en terreno. <strong>Los profesionales destacan la importancia de salir al territorio<\/strong>, ya que un gran escollo para acceder a la inoculaci\u00f3n son las distancias que hay entre los puntos de las ciudades con los distritos y parajes.<\/span><\/p>\n<h4><span style=\"color: #000000;\"><strong>Puestos Fijos en General Alvear<\/strong><\/span><\/h4>\n<p><strong><span style=\"color: #000000;\">Lunes a viernes, de 9 a 12, en los centros de salud:<\/span><\/strong><\/p>\n<ul>\n<li><span style=\"color: #000000;\"><strong>Bowen<\/strong><\/span><\/li>\n<li><span style=\"color: #000000;\"><strong>Alvear Oeste<\/strong><\/span><\/li>\n<li><span style=\"color: #000000;\"><strong>-CIC Barrio SOEMGA<\/strong><\/span><\/li>\n<li><span style=\"color: #000000;\"><strong>Barrio El Cald\u00e9n<\/strong><\/span><\/li>\n<li><span style=\"color: #000000;\"><strong>Isla Gorostiague<\/strong><\/span><\/li>\n<\/ul>\n<p><span style=\"color: #000000;\"><strong>\u2022Lunes a viernes de 16 a 19, en el Centro de Salud de Carmensa.<\/strong><\/span><br \/>\n<span style=\"color: #000000;\"><strong>\u2022Lunes a viernes de 7 a 13 y s\u00e1bados, domingos y feriados de 9 a 11.30, en el <\/strong><\/span><span style=\"color: #000000;\"><strong>Vacunatorio Central del departamento.<\/strong><\/span><\/p>\n<p><span style=\"color: #000000;\">Los vecinos de esos lugares podr\u00e1n acceder a la inmunizaci\u00f3n de:<\/span><\/p>\n<p><span style=\"color: #000000;\"><strong>\u2022De 3 a 17 a\u00f1os: 1\u00aa y 2\u00aa dosis sin turno previo.<\/strong><\/span><br \/>\n<span style=\"color: #000000;\"><strong>\u2022Mayores de 18 a\u00f1os: 1\u00aa, 2\u00aa y 3\u00aa dosis sin turno previo.<\/strong><\/span><\/p>\n<p><span style=\"color: #000000;\"><strong>Puestos fijos en San Rafael<\/strong><\/span><\/p>\n<p><span style=\"color: #000000;\">En el Centro de Congresos y Exposiciones se continuar\u00e1 vacunando de lunes a viernes de 9 a 16.30 y los s\u00e1bados y domingos de 9 a 13. En el caso de los distritos, la inmunizaci\u00f3n a libre demanda ser\u00e1 de lunes a viernes de 9 a 12. Adem\u00e1s, desde el Vacunatorio Central destacan que es importante tener en cuenta que en el caso de Sinopharm, Sputnik V, Moderna y Pfizer, el intervalo de la primera a la segunda dosis es de 21 d\u00edas. Para el caso de AstraZeneca, las personas deben esperar 28 d\u00edas para recibir su segunda dosis.<\/span><\/p>\n<p><span style=\"color: #000000;\">A continuaci\u00f3n, los puntos en cada distrito:<\/span><\/p>\n<p><span style=\"color: #000000;\"><strong>Martes de 9 a 12<\/strong><\/span><\/p>\n<p><span style=\"color: #000000;\">CAPS 119 Rama Ca\u00edda\/\/ CAPS 113 Monte Coman\/\/ CAPS 107 Villa 25 de Mayo.<\/span><\/p>\n<p><span style=\"color: #000000;\"><strong>Mi\u00e9rcoles de 9 a 12<\/strong><\/span><\/p>\n<p><span style=\"color: #000000;\">CAPS 130 Salto de las Rosas\/\/ CAPS 123 Punta del Agua\/\/ CAPS 158 Cuadro Nacional.<\/span><\/p>\n<p><span style=\"color: #000000;\"><strong>Jueves de 9 a 12<\/strong><\/span><\/p>\n<p><span style=\"color: #000000;\">CAPS 109 Las Malvinas\/\/ CAPS 114 Villa Atuel\/\/ CAPS 159 Isla R\u00edo Diamante.<\/span><\/p>\n<p><span style=\"color: #000000;\"><strong>Viernes de 9 a 12<\/strong><\/span><\/p>\n<p><span style=\"color: #000000;\">CAPS 115 Real del Padre\/\/ CAPS 164 Capit\u00e1n Montoya\/\/ CAPS 116 Cuadro Benegas\/\/ CAPS 108 Goudge.<\/span><\/p>\n<p><span style=\"color: #000000;\"><strong>Viernes de 14 a 18<\/strong><\/span><\/p>\n<p><span style=\"color: #000000;\">CAPS 117 El Nihuil.<\/span><\/p>\n<p><span style=\"color: #000000;\"><strong>Puesto Fijo en Malarg\u00fce<\/strong><\/span><\/p>\n<p><span style=\"color: #000000;\">En el departamento se destacan los grandes operativos que se realizan en los distritos y parajes, ya que las distancias son muy extensas y su accesibilidad bastante compleja. Por eso, el \u00e1rea sanitaria tom\u00f3 la decisi\u00f3n de organizar dispositivos todas las semanas para llegar a cada habitante de la comuna.<\/span><\/p>\n<p><span style=\"color: #000000;\">En caso de estar en la ciudad de Malarg\u00fce, las personas se pueden dirigir al Vacunatorio Central, el Hospital Regional o al Polideportivo Municipal.<\/span><\/p>\n","protected":false},"excerpt":{"rendered":"<p>La campa\u00f1a de vacunaci\u00f3n contra la COVID-19 contin\u00faa a un muy buen ritmo en el Sur provincial. Desde sus comienzos, a &#8230;<\/p>\n","protected":false},"author":8,"featured_media":104185,"comment_status":"open","ping_status":"open","sticky":false,"template":"","format":"standard","meta":{"footnotes":""},"categories":[5,15],"tags":[],"class_list":["post-104184","post","type-post","status-publish","format-standard","has-post-thumbnail","hentry","category-actualidad","category-salud"],"_links":{"self":[{"href":"https:\/\/vinasfm.com\/noticias\/wp-json\/wp\/v2\/posts\/104184","targetHints":{"allow":["GET"]}}],"collection":[{"href":"https:\/\/vinasfm.com\/noticias\/wp-json\/wp\/v2\/posts"}],"about":[{"href":"https:\/\/vinasfm.com\/noticias\/wp-json\/wp\/v2\/types\/post"}],"author":[{"embeddable":true,"href":"https:\/\/vinasfm.com\/noticias\/wp-json\/wp\/v2\/users\/8"}],"replies":[{"embeddable":true,"href":"https:\/\/vinasfm.com\/noticias\/wp-json\/wp\/v2\/comments?post=104184"}],"version-history":[{"count":1,"href":"https:\/\/vinasfm.com\/noticias\/wp-json\/wp\/v2\/posts\/104184\/revisions"}],"predecessor-version":[{"id":104186,"href":"https:\/\/vinasfm.com\/noticias\/wp-json\/wp\/v2\/posts\/104184\/revisions\/104186"}],"wp:featuredmedia":[{"embeddable":true,"href":"https:\/\/vinasfm.com\/noticias\/wp-json\/wp\/v2\/media\/104185"}],"wp:attachment":[{"href":"https:\/\/vinasfm.com\/noticias\/wp-json\/wp\/v2\/media?parent=104184"}],"wp:term":[{"taxonomy":"category","embeddable":true,"href":"https:\/\/vinasfm.com\/noticias\/wp-json\/wp\/v2\/categories?post=104184"},{"taxonomy":"post_tag","embeddable":true,"href":"https:\/\/vinasfm.com\/noticias\/wp-json\/wp\/v2\/tags?post=104184"}],"curies":[{"name":"wp","href":"https:\/\/api.w.org\/{rel}","templated":true}]}}