{"id":104172,"date":"2022-01-05T23:59:35","date_gmt":"2022-01-06T02:59:35","guid":{"rendered":"http:\/\/vinasfm.com\/noticias\/?p=104172"},"modified":"2022-01-06T13:01:38","modified_gmt":"2022-01-06T16:01:38","slug":"familia-oriunda-de-buenos-aires-volco-con-su-vehiculo-sobre-ruta-143","status":"publish","type":"post","link":"https:\/\/vinasfm.com\/noticias\/familia-oriunda-de-buenos-aires-volco-con-su-vehiculo-sobre-ruta-143\/","title":{"rendered":"FAMILIA ORIUNDA DE BUENOS AIRES VOLC\u00d3 CON SU VEH\u00cdCULO SOBRE RUTA 143"},"content":{"rendered":"<h4><span style=\"color: #000000;\"><strong>En horas de la tarde de este martes, una familia procedente de la provincia de Buenos Aires volc\u00f3 con su veh\u00edculo en Ruta 143 a la altura del paraje Negro Quemado.<\/strong><\/span><\/h4>\n<p><span style=\"color: #000000;\">Autoridades policiales de <strong>Comisar\u00eda 26\u00b0<\/strong> detallaron que a las <strong>13:40hs<\/strong> de este martes fueron advertidos al 911 sobre el siniestro vial que hab\u00eda protagonizado un <strong>Fiat Palio Weekend.<\/strong><\/span><\/p>\n<p><span style=\"color: #000000;\">Al arribar, la polic\u00eda constat\u00f3 que<strong> el autom\u00f3vil era guiado por una mujer de 45 a\u00f1os<\/strong>, quien era<strong> acompa\u00f1ada por sus hijos de 13 y 18 a\u00f1os<\/strong>. Por causas aun no establecidas, &#8216;<strong><em>la conductora perdi\u00f3 el dominio del rodado que tras dar varios tumbos qued\u00f3 de costado sobre la banquina sur de la calzada<\/em><\/strong>&#8216;, reconstruye el reporte oficial.<\/span><\/p>\n<p><span style=\"color: #000000;\">A ra\u00edz del accidente, los tres ocupantes sufrieron <strong><em>politraumatismos varios<\/em><\/strong>, motivo por el que fueron trasladados al <strong>Hospital Enfermeros Argentinos<\/strong> donde <strong>quedaron internados en Observaci\u00f3n<\/strong>.<\/span><\/p>\n<p><span style=\"color: #000000;\">Trabajaron en el escenario del hecho personal de Comisar\u00eda 26\u00b0, Polic\u00eda Cient\u00edfica y Polic\u00eda Vial bajo instrucci\u00f3n de la <strong>Unidad Fiscal de Villa Atuel<\/strong>.<\/span><\/p>\n<h5><span style=\"color: #000000;\">\u2022F.B.<\/span><\/h5>\n","protected":false},"excerpt":{"rendered":"<p>En horas de la tarde de este martes, una familia procedente de la provincia de Buenos Aires volc\u00f3 con su veh\u00edculo &#8230;<\/p>\n","protected":false},"author":8,"featured_media":104173,"comment_status":"open","ping_status":"open","sticky":false,"template":"","format":"standard","meta":{"footnotes":""},"categories":[5,4],"tags":[],"class_list":["post-104172","post","type-post","status-publish","format-standard","has-post-thumbnail","hentry","category-actualidad","category-policiales"],"_links":{"self":[{"href":"https:\/\/vinasfm.com\/noticias\/wp-json\/wp\/v2\/posts\/104172","targetHints":{"allow":["GET"]}}],"collection":[{"href":"https:\/\/vinasfm.com\/noticias\/wp-json\/wp\/v2\/posts"}],"about":[{"href":"https:\/\/vinasfm.com\/noticias\/wp-json\/wp\/v2\/types\/post"}],"author":[{"embeddable":true,"href":"https:\/\/vinasfm.com\/noticias\/wp-json\/wp\/v2\/users\/8"}],"replies":[{"embeddable":true,"href":"https:\/\/vinasfm.com\/noticias\/wp-json\/wp\/v2\/comments?post=104172"}],"version-history":[{"count":3,"href":"https:\/\/vinasfm.com\/noticias\/wp-json\/wp\/v2\/posts\/104172\/revisions"}],"predecessor-version":[{"id":104176,"href":"https:\/\/vinasfm.com\/noticias\/wp-json\/wp\/v2\/posts\/104172\/revisions\/104176"}],"wp:featuredmedia":[{"embeddable":true,"href":"https:\/\/vinasfm.com\/noticias\/wp-json\/wp\/v2\/media\/104173"}],"wp:attachment":[{"href":"https:\/\/vinasfm.com\/noticias\/wp-json\/wp\/v2\/media?parent=104172"}],"wp:term":[{"taxonomy":"category","embeddable":true,"href":"https:\/\/vinasfm.com\/noticias\/wp-json\/wp\/v2\/categories?post=104172"},{"taxonomy":"post_tag","embeddable":true,"href":"https:\/\/vinasfm.com\/noticias\/wp-json\/wp\/v2\/tags?post=104172"}],"curies":[{"name":"wp","href":"https:\/\/api.w.org\/{rel}","templated":true}]}}