{"id":104165,"date":"2022-01-04T23:59:25","date_gmt":"2022-01-05T02:59:25","guid":{"rendered":"http:\/\/vinasfm.com\/noticias\/?p=104165"},"modified":"2022-01-06T13:08:24","modified_gmt":"2022-01-06T16:08:24","slug":"robaron-dos-bombas-de-agua-en-distintos-puntos-del-departamento","status":"publish","type":"post","link":"https:\/\/vinasfm.com\/noticias\/robaron-dos-bombas-de-agua-en-distintos-puntos-del-departamento\/","title":{"rendered":"ROBARON DOS BOMBAS DE AGUA EN DISTINTOS PUNTOS DEL DEPARTAMENTO"},"content":{"rendered":"<h4><strong>Este lunes, la Polic\u00eda tom\u00f3 conocimiento de dos hechos delictivos bajo la misma modalidad ocurridos en la Plaza del B\u00b0 San Carlos y en la Escuela Entre R\u00edos, de donde delincuente se apoderaron de bombas hidr\u00e1ulicas.<\/strong><\/h4>\n<p><span style=\"color: #000000;\">El <strong>Coordinador de la Oficina Municipal del Barrio San Carlos<\/strong> denunci\u00f3 en Comisaria 14\u00b0 que <strong>a las 07:30hs<\/strong> empleados municipales llegaron a trabajar a la <strong>Plaza del Barrio San Carlos<\/strong> y <strong>constataron que no estaba la bomba de agua de 2HP<\/strong>, color verde,<strong> la que fue sustra\u00edda previo romper el candado y un ca\u00f1o de uni\u00f3n<\/strong>.<\/span><\/p>\n<p><span style=\"color: #000000;\">Durante el mismo d\u00eda, la directora de la <strong>Escuela Entre R\u00edos de Alvear Oeste<\/strong> denunci\u00f3 que<strong> al ingresar una celadora a las 7:30hs constat\u00f3 que malvivientes<\/strong>, previo forzar una reja de seguridad, <strong>se apoderaron de una bomba de agua de 1HP<\/strong>, color azul.<\/span><\/p>\n<p><span style=\"color: #000000;\">En ambos hechos trabaj\u00f3 personal de <strong>Comisar\u00eda 14\u00b0, Polic\u00eda Cient\u00edfica<\/strong> y <strong>Polic\u00eda de Investigaciones<\/strong>.<\/span><\/p>\n<h5>\u2022F.B.<\/h5>\n","protected":false},"excerpt":{"rendered":"<p>Este lunes, la Polic\u00eda tom\u00f3 conocimiento de dos hechos delictivos bajo la misma modalidad ocurridos en la Plaza del B\u00b0 San &#8230;<\/p>\n","protected":false},"author":8,"featured_media":63435,"comment_status":"open","ping_status":"open","sticky":false,"template":"","format":"standard","meta":{"footnotes":""},"categories":[5,4],"tags":[],"class_list":["post-104165","post","type-post","status-publish","format-standard","has-post-thumbnail","hentry","category-actualidad","category-policiales"],"_links":{"self":[{"href":"https:\/\/vinasfm.com\/noticias\/wp-json\/wp\/v2\/posts\/104165","targetHints":{"allow":["GET"]}}],"collection":[{"href":"https:\/\/vinasfm.com\/noticias\/wp-json\/wp\/v2\/posts"}],"about":[{"href":"https:\/\/vinasfm.com\/noticias\/wp-json\/wp\/v2\/types\/post"}],"author":[{"embeddable":true,"href":"https:\/\/vinasfm.com\/noticias\/wp-json\/wp\/v2\/users\/8"}],"replies":[{"embeddable":true,"href":"https:\/\/vinasfm.com\/noticias\/wp-json\/wp\/v2\/comments?post=104165"}],"version-history":[{"count":4,"href":"https:\/\/vinasfm.com\/noticias\/wp-json\/wp\/v2\/posts\/104165\/revisions"}],"predecessor-version":[{"id":104169,"href":"https:\/\/vinasfm.com\/noticias\/wp-json\/wp\/v2\/posts\/104165\/revisions\/104169"}],"wp:featuredmedia":[{"embeddable":true,"href":"https:\/\/vinasfm.com\/noticias\/wp-json\/wp\/v2\/media\/63435"}],"wp:attachment":[{"href":"https:\/\/vinasfm.com\/noticias\/wp-json\/wp\/v2\/media?parent=104165"}],"wp:term":[{"taxonomy":"category","embeddable":true,"href":"https:\/\/vinasfm.com\/noticias\/wp-json\/wp\/v2\/categories?post=104165"},{"taxonomy":"post_tag","embeddable":true,"href":"https:\/\/vinasfm.com\/noticias\/wp-json\/wp\/v2\/tags?post=104165"}],"curies":[{"name":"wp","href":"https:\/\/api.w.org\/{rel}","templated":true}]}}