{"id":104154,"date":"2022-01-05T23:59:30","date_gmt":"2022-01-06T02:59:30","guid":{"rendered":"http:\/\/vinasfm.com\/noticias\/?p=104154"},"modified":"2022-01-06T13:07:35","modified_gmt":"2022-01-06T16:07:35","slug":"con-el-70-de-ocupacion-de-camas-podria-saturarse-la-capacidad-del-hospital-ante-el-crecimiento-de-contagios","status":"publish","type":"post","link":"https:\/\/vinasfm.com\/noticias\/con-el-70-de-ocupacion-de-camas-podria-saturarse-la-capacidad-del-hospital-ante-el-crecimiento-de-contagios\/","title":{"rendered":"CON EL 70% DE OCUPACI\u00d3N DE CAMAS, PODR\u00cdA SATURARSE LA CAPACIDAD DEL HOSPITAL ANTE EL CRECIMIENTO DE CONTAGIOS"},"content":{"rendered":"<h4><strong><span style=\"color: #000000;\">La tercera ola de Covid-19 est\u00e1 generando un r\u00e1pido y notable crecimiento de contagios principalmente con la variante \u00d3micron pero tambi\u00e9n con la circulaci\u00f3n de las cepas Manaos y Delta. Especialistas aseguran que aun no hemos llegado al pico de la nueva ola por lo que recomiendan a las autoridades tomar medidas para contrarrestar sus efectos.<\/span><\/strong><\/h4>\n<p><span style=\"color: #000000;\">Con el fin de conocer la situaci\u00f3n epidemiol\u00f3gica en nuestro departamento, <strong>F.M. VI\u00d1AS<\/strong> dialog\u00f3 este lunes con el <strong>Director del Hospital Enfermeros Argentinos<\/strong>, <strong>Dr. Fabio G\u00f3mez Parra<\/strong>, quien explic\u00f3 que en este contexto cambi\u00f3 completamente el comportamiento de la patolog\u00eda demostrado a trav\u00e9s de la &#8216;<strong><em>alt\u00edsima positividad registrada en relaci\u00f3n al numero de hisopados que se practican diariamente<\/em><\/strong>&#8216;. En este sentido puso en relieve que &#8216;<strong><em>el relajamiento de la gente se basa en que la nueva cepa es menos virulenta pero tenemos que tener en cuenta que hay un porcentaje que se va a complicar, es decir, que si en porcentaje el 5% de 100 positivos presentaba complicaciones, al llegar a m\u00e1s casos diarios el numero de pacientes con riesgo va a ser mayor<\/em><\/strong>&#8216;.<\/span><\/p>\n<div id=\"attachment_74773\" style=\"width: 334px\" class=\"wp-caption alignleft\"><a href=\"http:\/\/vinasfm.com\/noticias\/wp-content\/uploads\/2020\/08\/Donaci\u00f3n-de-equipamiento-al-Hospital-Enfermeros-Argentinos-4-scaled.jpg\"><img loading=\"lazy\" decoding=\"async\" aria-describedby=\"caption-attachment-74773\" class=\" wp-image-74773\" src=\"http:\/\/vinasfm.com\/noticias\/wp-content\/uploads\/2020\/08\/Donaci\u00f3n-de-equipamiento-al-Hospital-Enfermeros-Argentinos-4-scaled.jpg\" alt=\"\" width=\"334\" height=\"223\" srcset=\"https:\/\/vinasfm.com\/noticias\/wp-content\/uploads\/2020\/08\/Donaci\u00f3n-de-equipamiento-al-Hospital-Enfermeros-Argentinos-4-scaled.jpg 2560w, https:\/\/vinasfm.com\/noticias\/wp-content\/uploads\/2020\/08\/Donaci\u00f3n-de-equipamiento-al-Hospital-Enfermeros-Argentinos-4-300x200.jpg 300w, https:\/\/vinasfm.com\/noticias\/wp-content\/uploads\/2020\/08\/Donaci\u00f3n-de-equipamiento-al-Hospital-Enfermeros-Argentinos-4-1024x683.jpg 1024w, https:\/\/vinasfm.com\/noticias\/wp-content\/uploads\/2020\/08\/Donaci\u00f3n-de-equipamiento-al-Hospital-Enfermeros-Argentinos-4-768x512.jpg 768w, https:\/\/vinasfm.com\/noticias\/wp-content\/uploads\/2020\/08\/Donaci\u00f3n-de-equipamiento-al-Hospital-Enfermeros-Argentinos-4-1536x1024.jpg 1536w, https:\/\/vinasfm.com\/noticias\/wp-content\/uploads\/2020\/08\/Donaci\u00f3n-de-equipamiento-al-Hospital-Enfermeros-Argentinos-4-2048x1365.jpg 2048w\" sizes=\"auto, (max-width: 334px) 100vw, 334px\" \/><\/a><p id=\"caption-attachment-74773\" class=\"wp-caption-text\">Camas UTI.<\/p><\/div>\n<p><span style=\"color: #000000;\">Consultado sobre el n\u00famero de pacientes internados en el nosocomio local, G\u00f3mez Parra indic\u00f3 que &#8216;<em><b>de tener un solo paciente internado por Covid-19 la semana pasada ahora alcanzamos el 70% de ocupaci\u00f3n del hospital porque el paciente con Covid no puede compartir <\/b><span style=\"color: #000000;\"><b>habitaci\u00f3n<\/b><\/span><b> con otro internado lo que significa que ocupa dos camas<\/b><\/em>&#8216;. A esto, seg\u00fan manifest\u00f3, se debe tener en cuenta que <strong>la mayor\u00eda son pacientes que por decisi\u00f3n propia no se han vacunado<\/strong>, situaci\u00f3n que agrava su estado de salud: &#8216;<em><b>Es necesario que comprendamos que hay que estar vacunado y seguir cuid\u00e1ndose usando el barbijo y el alcohol en gel pero adem\u00e1s evitando las fiestas o juntarse en masa por que de <\/b><b>lo<\/b><b>\u00a0contrario todo se va a complicar a\u00fan m\u00e1s<\/b><\/em>&#8216;, advirti\u00f3.<\/span><\/p>\n<p><span style=\"color: #000000;\">Si bien la cepa \u00d3micron es menos agresiva que las anteriores, el Director del Hospital aclar\u00f3 que &#8216;<strong><em>no quiere decir que un paciente no vaya a requerir terapia intensiva o respirador por eso es importante la vacunaci\u00f3n, para poder reducir los efectos del virus<\/em><\/strong>&#8216;.<\/span><\/p>\n<p><span style=\"color: #000000;\">Sobre los protocolos sanitarios que condicionan el movimiento en el interior del hospital, puntualiz\u00f3: &#8216;<strong><em>En todos los hospitales se suspendieron las visitas y no se cambia m\u00e1s la persona que est\u00e1 cuidando al enfermo, nosotros tuvimos la particularidad en toda Mendoza de no haber dado marcha atr\u00e1s con las medidas de la ola anterior<\/em><\/strong>&#8216;.<\/span><\/p>\n<div id=\"attachment_41236\" style=\"width: 513px\" class=\"wp-caption aligncenter\"><a href=\"http:\/\/vinasfm.com\/noticias\/wp-content\/uploads\/2018\/09\/HOSPITAL.jpg\"><img loading=\"lazy\" decoding=\"async\" aria-describedby=\"caption-attachment-41236\" class=\" wp-image-41236\" src=\"http:\/\/vinasfm.com\/noticias\/wp-content\/uploads\/2018\/09\/HOSPITAL.jpg\" alt=\"\" width=\"513\" height=\"336\" srcset=\"https:\/\/vinasfm.com\/noticias\/wp-content\/uploads\/2018\/09\/HOSPITAL.jpg 736w, https:\/\/vinasfm.com\/noticias\/wp-content\/uploads\/2018\/09\/HOSPITAL-300x196.jpg 300w\" sizes=\"auto, (max-width: 513px) 100vw, 513px\" \/><\/a><p id=\"caption-attachment-41236\" class=\"wp-caption-text\">Hospital Enfermeros Argentinos.<\/p><\/div>\n<p><span style=\"color: #000000;\">Asimismo, resalt\u00f3 la importancia de descentralizaci\u00f3n de la campa\u00f1a llevada adelante por el Municipio y el \u00c1rea Departamental de Salud para hisopar e inmunizar a la mayor parte de la poblaci\u00f3n: &#8216;<strong><em>El hecho de que haya distintos puntos para hisopar y vacunar es importante porque evitamos la aglomeraci\u00f3n de gente en un solo lugar y adem\u00e1s se le da la posibilidad a vecinos de todo el departamento de poder acceder<\/em><\/strong>&#8216;, expres\u00f3.<\/span><\/p>\n<p><span style=\"color: #000000;\">Finalmente sostuvo que la responsabilidad individual es crucial para evitar la propagaci\u00f3n pero debe ir acompa\u00f1ada de medidas que desalienten la aglomeraci\u00f3n de gente, &#8216;<strong><em>tenemos la experiencia de lo que ha venido sucediendo en otros pa\u00edses y si no hay un cambio en el comportamiento la situaci\u00f3n va a tornarse dif\u00edcil en todos los aspectos<\/em><\/strong>&#8216;, concluy\u00f3.\u00a0<\/span><\/p>\n<h5><span style=\"color: #000000;\">\u2022F.B. (F.M. Vi\u00f1as).<\/span><\/h5>\n","protected":false},"excerpt":{"rendered":"<p>La tercera ola de Covid-19 est\u00e1 generando un r\u00e1pido y notable crecimiento de contagios principalmente con la variante \u00d3micron pero tambi\u00e9n &#8230;<\/p>\n","protected":false},"author":8,"featured_media":97945,"comment_status":"open","ping_status":"open","sticky":false,"template":"","format":"standard","meta":{"footnotes":""},"categories":[5,15],"tags":[],"class_list":["post-104154","post","type-post","status-publish","format-standard","has-post-thumbnail","hentry","category-actualidad","category-salud"],"_links":{"self":[{"href":"https:\/\/vinasfm.com\/noticias\/wp-json\/wp\/v2\/posts\/104154","targetHints":{"allow":["GET"]}}],"collection":[{"href":"https:\/\/vinasfm.com\/noticias\/wp-json\/wp\/v2\/posts"}],"about":[{"href":"https:\/\/vinasfm.com\/noticias\/wp-json\/wp\/v2\/types\/post"}],"author":[{"embeddable":true,"href":"https:\/\/vinasfm.com\/noticias\/wp-json\/wp\/v2\/users\/8"}],"replies":[{"embeddable":true,"href":"https:\/\/vinasfm.com\/noticias\/wp-json\/wp\/v2\/comments?post=104154"}],"version-history":[{"count":12,"href":"https:\/\/vinasfm.com\/noticias\/wp-json\/wp\/v2\/posts\/104154\/revisions"}],"predecessor-version":[{"id":104182,"href":"https:\/\/vinasfm.com\/noticias\/wp-json\/wp\/v2\/posts\/104154\/revisions\/104182"}],"wp:featuredmedia":[{"embeddable":true,"href":"https:\/\/vinasfm.com\/noticias\/wp-json\/wp\/v2\/media\/97945"}],"wp:attachment":[{"href":"https:\/\/vinasfm.com\/noticias\/wp-json\/wp\/v2\/media?parent=104154"}],"wp:term":[{"taxonomy":"category","embeddable":true,"href":"https:\/\/vinasfm.com\/noticias\/wp-json\/wp\/v2\/categories?post=104154"},{"taxonomy":"post_tag","embeddable":true,"href":"https:\/\/vinasfm.com\/noticias\/wp-json\/wp\/v2\/tags?post=104154"}],"curies":[{"name":"wp","href":"https:\/\/api.w.org\/{rel}","templated":true}]}}