{"id":104150,"date":"2022-01-04T23:59:32","date_gmt":"2022-01-05T02:59:32","guid":{"rendered":"http:\/\/vinasfm.com\/noticias\/?p=104150"},"modified":"2022-01-06T13:08:07","modified_gmt":"2022-01-06T16:08:07","slug":"con-productos-regionales-y-el-calor-de-su-gente-alvear-recibio-a-turistas-que-llegaron-este-lunes","status":"publish","type":"post","link":"https:\/\/vinasfm.com\/noticias\/con-productos-regionales-y-el-calor-de-su-gente-alvear-recibio-a-turistas-que-llegaron-este-lunes\/","title":{"rendered":"CON PRODUCTOS REGIONALES Y EL CALOR DE SU GENTE, ALVEAR RECIBI\u00d3 A TURISTAS QUE LLEGARON ESTE LUNES"},"content":{"rendered":"<h4><span style=\"color: #000000;\"><strong>Personal de la Direcci\u00f3n de Turismo, recibi\u00f3 a turistas que ingresaron al departamento por Canalejas, y se les hizo entrega de productos regionales y folleter\u00eda con los lugares y horarios para hacerse hisopados por Covid-19. Adem\u00e1s se les dieron recomendaciones sanitarias.<\/strong><\/span><\/h4>\n<p><span style=\"color: #000000;\">El primer lunes del 2022, <strong>se recibi\u00f3 a turistas que ingresaron por Canalejas<\/strong>, a ellos se les entregaron productos regionales, como frutos, jugos y otros. Pero esta acci\u00f3n no termin\u00f3 ah\u00ed porque tambi\u00e9n <strong>se entreg\u00f3 folleter\u00eda donde se indican los lugares y los horarios para realizarse hisopados por Covid<\/strong>.<\/span><\/p>\n<div id=\"attachment_104152\" style=\"width: 234px\" class=\"wp-caption alignleft\"><a style=\"color: #000000;\" href=\"http:\/\/vinasfm.com\/noticias\/wp-content\/uploads\/2022\/01\/MG_1145-1.jpg\"><img loading=\"lazy\" decoding=\"async\" aria-describedby=\"caption-attachment-104152\" class=\"wp-image-104152\" src=\"http:\/\/vinasfm.com\/noticias\/wp-content\/uploads\/2022\/01\/MG_1145-1.jpg\" alt=\"\" width=\"234\" height=\"132\" srcset=\"https:\/\/vinasfm.com\/noticias\/wp-content\/uploads\/2022\/01\/MG_1145-1.jpg 1920w, https:\/\/vinasfm.com\/noticias\/wp-content\/uploads\/2022\/01\/MG_1145-1-300x169.jpg 300w, https:\/\/vinasfm.com\/noticias\/wp-content\/uploads\/2022\/01\/MG_1145-1-1024x576.jpg 1024w, https:\/\/vinasfm.com\/noticias\/wp-content\/uploads\/2022\/01\/MG_1145-1-768x432.jpg 768w, https:\/\/vinasfm.com\/noticias\/wp-content\/uploads\/2022\/01\/MG_1145-1-1536x864.jpg 1536w, https:\/\/vinasfm.com\/noticias\/wp-content\/uploads\/2022\/01\/MG_1145-1-750x420.jpg 750w, https:\/\/vinasfm.com\/noticias\/wp-content\/uploads\/2022\/01\/MG_1145-1-1140x641.jpg 1140w\" sizes=\"auto, (max-width: 234px) 100vw, 234px\" \/><\/a><p id=\"caption-attachment-104152\" class=\"wp-caption-text\"><span style=\"color: #000000;\">Fabiana Gonz\u00e1lez, Directora de Turismo.<\/span><\/p><\/div>\n<p><span style=\"color: #000000;\">&#8216;<strong><em>Estamos mostrando toda la oferta que tiene General Alvear para ofrecer, para que los turistas disfruten y se cuiden, para poder encontrarnos en una Ciudad que est\u00e1 abierta a los turistas<\/em><\/strong>&#8216;, expres\u00f3 la <strong>Directora de Turismo Fabiana Gonz\u00e1lez<\/strong>, quien asegur\u00f3 que la gente est\u00e1 \u00e1vida de conocer nuevos lugares como nuestro departamento.<\/span><\/p>\n<p><span style=\"color: #000000;\">Asimismo agradeci\u00f3 a las diferentes empresas que apoyaron esta iniciativa, que son de exportaci\u00f3n pero que a la vez cuentan con un valor agregado: &#8216;<strong><em>General Alvear tiene mucho para dar, para que los turistas disfruten y se puedan cuidar<\/em><\/strong>&#8216;, concluy\u00f3 Gonz\u00e1lez.<\/span><\/p>\n","protected":false},"excerpt":{"rendered":"<p>Personal de la Direcci\u00f3n de Turismo, recibi\u00f3 a turistas que ingresaron al departamento por Canalejas, y se les hizo entrega de &#8230;<\/p>\n","protected":false},"author":8,"featured_media":104151,"comment_status":"open","ping_status":"open","sticky":false,"template":"","format":"standard","meta":{"footnotes":""},"categories":[5,21],"tags":[],"class_list":["post-104150","post","type-post","status-publish","format-standard","has-post-thumbnail","hentry","category-actualidad","category-turismo-2"],"_links":{"self":[{"href":"https:\/\/vinasfm.com\/noticias\/wp-json\/wp\/v2\/posts\/104150","targetHints":{"allow":["GET"]}}],"collection":[{"href":"https:\/\/vinasfm.com\/noticias\/wp-json\/wp\/v2\/posts"}],"about":[{"href":"https:\/\/vinasfm.com\/noticias\/wp-json\/wp\/v2\/types\/post"}],"author":[{"embeddable":true,"href":"https:\/\/vinasfm.com\/noticias\/wp-json\/wp\/v2\/users\/8"}],"replies":[{"embeddable":true,"href":"https:\/\/vinasfm.com\/noticias\/wp-json\/wp\/v2\/comments?post=104150"}],"version-history":[{"count":2,"href":"https:\/\/vinasfm.com\/noticias\/wp-json\/wp\/v2\/posts\/104150\/revisions"}],"predecessor-version":[{"id":104219,"href":"https:\/\/vinasfm.com\/noticias\/wp-json\/wp\/v2\/posts\/104150\/revisions\/104219"}],"wp:featuredmedia":[{"embeddable":true,"href":"https:\/\/vinasfm.com\/noticias\/wp-json\/wp\/v2\/media\/104151"}],"wp:attachment":[{"href":"https:\/\/vinasfm.com\/noticias\/wp-json\/wp\/v2\/media?parent=104150"}],"wp:term":[{"taxonomy":"category","embeddable":true,"href":"https:\/\/vinasfm.com\/noticias\/wp-json\/wp\/v2\/categories?post=104150"},{"taxonomy":"post_tag","embeddable":true,"href":"https:\/\/vinasfm.com\/noticias\/wp-json\/wp\/v2\/tags?post=104150"}],"curies":[{"name":"wp","href":"https:\/\/api.w.org\/{rel}","templated":true}]}}