{"id":104140,"date":"2022-01-04T23:58:04","date_gmt":"2022-01-05T02:58:04","guid":{"rendered":"http:\/\/vinasfm.com\/noticias\/?p=104140"},"modified":"2022-01-06T12:58:01","modified_gmt":"2022-01-06T15:58:01","slug":"avanza-con-exito-el-programa-de-plantines-de-tomate","status":"publish","type":"post","link":"https:\/\/vinasfm.com\/noticias\/avanza-con-exito-el-programa-de-plantines-de-tomate\/","title":{"rendered":"AVANZA CON \u00c9XITO EL PROGRAMA DE PLANTINES DE TOMATE"},"content":{"rendered":"<h4><span style=\"color: #000000;\"><strong>En la ma\u00f1ana de este lunes, el Director de Agricultura, Ganader\u00eda y Faena Agust\u00edn Anzorena visit\u00f3 la finca ubicada en calle O y 11, del productor Fabi\u00e1n Gauvron, quien accedi\u00f3 al programa de plantines de tomate y recibi\u00f3 un subsidio para reactivar un consorcio de agua.<\/strong><\/span><\/h4>\n<div id=\"attachment_86491\" style=\"width: 280px\" class=\"wp-caption alignright\"><a href=\"http:\/\/vinasfm.com\/noticias\/wp-content\/uploads\/2021\/03\/ANZORENA.jpg\"><img loading=\"lazy\" decoding=\"async\" aria-describedby=\"caption-attachment-86491\" class=\" wp-image-86491\" src=\"http:\/\/vinasfm.com\/noticias\/wp-content\/uploads\/2021\/03\/ANZORENA.jpg\" alt=\"\" width=\"280\" height=\"196\" srcset=\"https:\/\/vinasfm.com\/noticias\/wp-content\/uploads\/2021\/03\/ANZORENA.jpg 567w, https:\/\/vinasfm.com\/noticias\/wp-content\/uploads\/2021\/03\/ANZORENA-300x210.jpg 300w\" sizes=\"auto, (max-width: 280px) 100vw, 280px\" \/><\/a><p id=\"caption-attachment-86491\" class=\"wp-caption-text\"><span style=\"color: #000000;\">Agust\u00edn Anzorena, Director de Agricultura.<\/span><\/p><\/div>\n<p><span style=\"color: #000000;\"><strong>&#8216;<em>Fabi\u00e1n Gauvr\u00f3n<\/em><em> es un productor frut\u00edcola y hort\u00edcola de nuestro Departamento, que accedi\u00f3 al programa de plantines de tomate del municipio, con financiaci\u00f3n a tasa cero<\/em><\/strong>&#8216;, explic\u00f3 Anzorena y se\u00f1al\u00f3 que tambi\u00e9n se le ayud\u00f3 con un subsidio para la recuperaci\u00f3n de la perforaci\u00f3n de riego. <\/span><\/p>\n<p><span style=\"color: #000000;\">&#8216;<strong><em>Recibi\u00f3 20.000 plantines en total, una primera tanda tiene 60 d\u00edas y la otra 45 d\u00edas. Es un muy lindo tomatal, es un muy buen productor que trabaja con previsibilidad y buena fuente de agua. Los dem\u00e1s productores tambi\u00e9n vienen muy bien y han colaborado las lluvias<\/em><\/strong>&#8216;, expres\u00f3 Anzorena.<\/span><\/p>\n<p><span style=\"color: #000000;\">El<strong> Fondo para la Transformaci\u00f3n<\/strong> es un ente que tiene l\u00edneas crediticias para lograr la eficiencia h\u00eddrica. &#8216;<strong><em>Fabi\u00e1n no tiene riego por goteo, pero s\u00ed consorcio de riego, por lo que puede prever en qu\u00e9 momento regar adem\u00e1s del turno<\/em><\/strong>&#8216;, resalt\u00f3 el Director municipal.<\/span><\/p>\n<p><span style=\"color: #000000;\">Por su parte, Gauvron expres\u00f3: &#8216;<strong><em>Estoy muy contento, se me han dado muy bien las plantas de tomates, estoy tratando de hacer lo mejor posible para mejorar la producci\u00f3n. En este momento, tengo plantas de 60 d\u00edas y otras de 45 d\u00edas. Desde que inici\u00f3 el municipio con el Programa de plantines yo formo parte y me ha ido bien, porque invertir en 20.000 plantines es muy oneroso y poder obtenerlos financiados a pagar en agosto es un alivio<\/em><\/strong>&#8216;.<\/span><\/p>\n<p><span style=\"color: #000000;\">Respecto a la comercializaci\u00f3n, el productor dijo: &#8216;<strong><em>Tengo contacto con La Pampa, a quienes vendo productos artesanales y verduras<\/em><\/strong>&#8216;.<\/span><\/p>\n<p><span style=\"color: #000000;\">Al referirse al consorcio de riego manifest\u00f3: &#8216;<strong><em>Se nos rompi\u00f3 la bomba, cuando la est\u00e1bamos reparando nos robaron el motor, entonces acudimos a la comuna y en quince d\u00edas recibimos fondos municipales para poner en marcha nuevamente la bomba<\/em><\/strong>&#8216;. <\/span><\/p>\n<p><span style=\"color: #000000;\">A los dem\u00e1s productores les declar\u00f3: &#8216;<strong><em>Buscando siempre se consigue, a nosotros nunca nos han cerrado las puertas, es una alternativa. Yo en la finca ten\u00eda durazno y ciruela que nunca pude cosechar y hace un tiempo estoy con las verduras, por eso, en una parcela abonada voy a poner br\u00f3coli y repollo<\/em><\/strong>&#8216;.<\/span><\/p>\n","protected":false},"excerpt":{"rendered":"<p>En la ma\u00f1ana de este lunes, el Director de Agricultura, Ganader\u00eda y Faena Agust\u00edn Anzorena visit\u00f3 la finca ubicada en calle &#8230;<\/p>\n","protected":false},"author":8,"featured_media":104141,"comment_status":"open","ping_status":"open","sticky":false,"template":"","format":"standard","meta":{"footnotes":""},"categories":[5,14],"tags":[],"class_list":["post-104140","post","type-post","status-publish","format-standard","has-post-thumbnail","hentry","category-actualidad","category-agro"],"_links":{"self":[{"href":"https:\/\/vinasfm.com\/noticias\/wp-json\/wp\/v2\/posts\/104140","targetHints":{"allow":["GET"]}}],"collection":[{"href":"https:\/\/vinasfm.com\/noticias\/wp-json\/wp\/v2\/posts"}],"about":[{"href":"https:\/\/vinasfm.com\/noticias\/wp-json\/wp\/v2\/types\/post"}],"author":[{"embeddable":true,"href":"https:\/\/vinasfm.com\/noticias\/wp-json\/wp\/v2\/users\/8"}],"replies":[{"embeddable":true,"href":"https:\/\/vinasfm.com\/noticias\/wp-json\/wp\/v2\/comments?post=104140"}],"version-history":[{"count":1,"href":"https:\/\/vinasfm.com\/noticias\/wp-json\/wp\/v2\/posts\/104140\/revisions"}],"predecessor-version":[{"id":104142,"href":"https:\/\/vinasfm.com\/noticias\/wp-json\/wp\/v2\/posts\/104140\/revisions\/104142"}],"wp:featuredmedia":[{"embeddable":true,"href":"https:\/\/vinasfm.com\/noticias\/wp-json\/wp\/v2\/media\/104141"}],"wp:attachment":[{"href":"https:\/\/vinasfm.com\/noticias\/wp-json\/wp\/v2\/media?parent=104140"}],"wp:term":[{"taxonomy":"category","embeddable":true,"href":"https:\/\/vinasfm.com\/noticias\/wp-json\/wp\/v2\/categories?post=104140"},{"taxonomy":"post_tag","embeddable":true,"href":"https:\/\/vinasfm.com\/noticias\/wp-json\/wp\/v2\/tags?post=104140"}],"curies":[{"name":"wp","href":"https:\/\/api.w.org\/{rel}","templated":true}]}}