{"id":104133,"date":"2022-01-03T23:59:37","date_gmt":"2022-01-04T02:59:37","guid":{"rendered":"http:\/\/vinasfm.com\/noticias\/?p=104133"},"modified":"2022-01-04T07:43:12","modified_gmt":"2022-01-04T10:43:12","slug":"dos-automoviles-chocaron-de-frente-en-el-puente-de-atuel-norte","status":"publish","type":"post","link":"https:\/\/vinasfm.com\/noticias\/dos-automoviles-chocaron-de-frente-en-el-puente-de-atuel-norte\/","title":{"rendered":"DOS AUTOM\u00d3VILES CHOCARON DE FRENTE EN EL PUENTE DE ATUEL NORTE"},"content":{"rendered":"<h4><span style=\"color: #000000;\"><strong>En horas de la ma\u00f1ana de este domingo, dos veh\u00edculos colisionaron de frente en Ruta 143 en inmediaciones del puente del R\u00edo Atuel que separa el distrito de Villa Atuel con el paraje de Atuel Norte.<\/strong><\/span><\/h4>\n<p><span style=\"color: #000000;\">Autoridades policiales informaron que<strong> el siniestro se produjo alrededor de las 7:30hs de este domingo<\/strong> y fue protagonizado por un<strong> Fiat Duna<\/strong>, gris oscuro, y un <strong>Fiat Punto<\/strong>, color blanco.<\/span><\/p>\n<p><span style=\"color: #000000;\">Ambos rodados <strong>circulaban en sentido contrario<\/strong> y por razones a\u00fan no establecidas uno de los conductores perdi\u00f3 el dominio y termin\u00f3 impactando contra el segundo rodado. Pese el fuerte golpe,<strong> no hubo heridos de gravedad aunque las movilidades sufrieron da\u00f1os de consideraci\u00f3n<\/strong>.<\/span><\/p>\n<p><span style=\"color: #000000;\"><strong>Por el lapso de 2 horas estuvo restringido completamente el tr\u00e1nsito<\/strong> hasta que concluy\u00f3 el trabajo policial y retiraron de la cinta asf\u00e1ltica a los autom\u00f3viles intervinientes.<\/span><\/p>\n<h4 style=\"text-align: left;\"><span style=\"color: #000000;\"><strong>IM\u00c1GENES<\/strong><\/span><\/h4>\n<p><a href=\"http:\/\/vinasfm.com\/noticias\/wp-content\/uploads\/2022\/01\/270104377_2094117504080354_6619603107026616091_n.jpg\"><img loading=\"lazy\" decoding=\"async\" class=\"alignnone wp-image-104135\" src=\"http:\/\/vinasfm.com\/noticias\/wp-content\/uploads\/2022\/01\/270104377_2094117504080354_6619603107026616091_n.jpg\" alt=\"\" width=\"241\" height=\"241\" srcset=\"https:\/\/vinasfm.com\/noticias\/wp-content\/uploads\/2022\/01\/270104377_2094117504080354_6619603107026616091_n.jpg 720w, https:\/\/vinasfm.com\/noticias\/wp-content\/uploads\/2022\/01\/270104377_2094117504080354_6619603107026616091_n-300x300.jpg 300w, https:\/\/vinasfm.com\/noticias\/wp-content\/uploads\/2022\/01\/270104377_2094117504080354_6619603107026616091_n-150x150.jpg 150w, https:\/\/vinasfm.com\/noticias\/wp-content\/uploads\/2022\/01\/270104377_2094117504080354_6619603107026616091_n-360x360.jpg 360w\" sizes=\"auto, (max-width: 241px) 100vw, 241px\" \/><\/a> <a href=\"http:\/\/vinasfm.com\/noticias\/wp-content\/uploads\/2022\/01\/270126453_2094117580747013_6612274221302908453_n.jpg\"><img loading=\"lazy\" decoding=\"async\" class=\"alignnone wp-image-104136\" src=\"http:\/\/vinasfm.com\/noticias\/wp-content\/uploads\/2022\/01\/270126453_2094117580747013_6612274221302908453_n.jpg\" alt=\"\" width=\"241\" height=\"241\" srcset=\"https:\/\/vinasfm.com\/noticias\/wp-content\/uploads\/2022\/01\/270126453_2094117580747013_6612274221302908453_n.jpg 720w, https:\/\/vinasfm.com\/noticias\/wp-content\/uploads\/2022\/01\/270126453_2094117580747013_6612274221302908453_n-300x300.jpg 300w, https:\/\/vinasfm.com\/noticias\/wp-content\/uploads\/2022\/01\/270126453_2094117580747013_6612274221302908453_n-150x150.jpg 150w, https:\/\/vinasfm.com\/noticias\/wp-content\/uploads\/2022\/01\/270126453_2094117580747013_6612274221302908453_n-360x360.jpg 360w\" sizes=\"auto, (max-width: 241px) 100vw, 241px\" \/><\/a><\/p>\n","protected":false},"excerpt":{"rendered":"<p>En horas de la ma\u00f1ana de este domingo, dos veh\u00edculos colisionaron de frente en Ruta 143 en inmediaciones del puente del &#8230;<\/p>\n","protected":false},"author":8,"featured_media":104134,"comment_status":"open","ping_status":"open","sticky":false,"template":"","format":"standard","meta":{"footnotes":""},"categories":[5,4],"tags":[],"class_list":["post-104133","post","type-post","status-publish","format-standard","has-post-thumbnail","hentry","category-actualidad","category-policiales"],"_links":{"self":[{"href":"https:\/\/vinasfm.com\/noticias\/wp-json\/wp\/v2\/posts\/104133","targetHints":{"allow":["GET"]}}],"collection":[{"href":"https:\/\/vinasfm.com\/noticias\/wp-json\/wp\/v2\/posts"}],"about":[{"href":"https:\/\/vinasfm.com\/noticias\/wp-json\/wp\/v2\/types\/post"}],"author":[{"embeddable":true,"href":"https:\/\/vinasfm.com\/noticias\/wp-json\/wp\/v2\/users\/8"}],"replies":[{"embeddable":true,"href":"https:\/\/vinasfm.com\/noticias\/wp-json\/wp\/v2\/comments?post=104133"}],"version-history":[{"count":3,"href":"https:\/\/vinasfm.com\/noticias\/wp-json\/wp\/v2\/posts\/104133\/revisions"}],"predecessor-version":[{"id":104139,"href":"https:\/\/vinasfm.com\/noticias\/wp-json\/wp\/v2\/posts\/104133\/revisions\/104139"}],"wp:featuredmedia":[{"embeddable":true,"href":"https:\/\/vinasfm.com\/noticias\/wp-json\/wp\/v2\/media\/104134"}],"wp:attachment":[{"href":"https:\/\/vinasfm.com\/noticias\/wp-json\/wp\/v2\/media?parent=104133"}],"wp:term":[{"taxonomy":"category","embeddable":true,"href":"https:\/\/vinasfm.com\/noticias\/wp-json\/wp\/v2\/categories?post=104133"},{"taxonomy":"post_tag","embeddable":true,"href":"https:\/\/vinasfm.com\/noticias\/wp-json\/wp\/v2\/tags?post=104133"}],"curies":[{"name":"wp","href":"https:\/\/api.w.org\/{rel}","templated":true}]}}