{"id":104125,"date":"2022-01-04T07:00:59","date_gmt":"2022-01-04T10:00:59","guid":{"rendered":"http:\/\/vinasfm.com\/noticias\/?p=104125"},"modified":"2022-01-04T07:43:26","modified_gmt":"2022-01-04T10:43:26","slug":"jubilados-y-pensionados-cuanto-y-cuando-cobro-en-enero-de-2022","status":"publish","type":"post","link":"https:\/\/vinasfm.com\/noticias\/jubilados-y-pensionados-cuanto-y-cuando-cobro-en-enero-de-2022\/","title":{"rendered":"JUBILADOS Y PENSIONADOS: \u00bfCU\u00c1NTO Y CU\u00c1NDO COBRO EN ENERO DE 2022?"},"content":{"rendered":"<h4><span style=\"color: #000000;\"><strong>A pocos d\u00edas de empezar un nuevo a\u00f1o, La Administraci\u00f3n Nacional de la Seguridad Social\u00a0(ANSES)\u00a0ya present\u00f3 el\u00a0calendario de pagos oficial para enero 2022, en el que todos sus beneficiarios podr\u00e1n consultar sus fechas de cobro.<\/strong><\/span><\/h4>\n<p><span style=\"color: #000000;\">Uno de esos grupos es el de los<strong>\u00a0jubilados y pensionados<\/strong>, que en diciembre tuvieron un bono de fin de a\u00f1o y siguen cobrando con el \u00faltimo aumento. En esta nota te contamos cu\u00e1ndo y cu\u00e1nto cobran, qu\u00e9 se sabe de otros bonos y cu\u00e1ndo hay un nuevo incremento.<\/span><\/p>\n<h4><span style=\"color: #000000;\"><strong>\u00bfCu\u00e1ndo se cobra jubilaci\u00f3n y pensi\u00f3n en enero?<\/strong><\/span><\/h4>\n<p><span style=\"color: #000000;\">Calendario de pagos enero para jubilados y pensionados\u00a0que\u00a0<strong>NO superan la suma de $32.664<\/strong>, es decir con la m\u00ednima:<\/span><\/p>\n<ul>\n<li><span style=\"color: #000000;\">Documentos terminados en 0 &#x27a1; martes 11 de enero<\/span><\/li>\n<li><span style=\"color: #000000;\">Documentos terminados en 1\u00a0&#x27a1; mi\u00e9rcoles 12 de enero<\/span><\/li>\n<li><span style=\"color: #000000;\">Documentos terminados en 2\u00a0&#x27a1; jueves 13 de enero<\/span><\/li>\n<li><span style=\"color: #000000;\">Documentos terminados en 3\u00a0&#x27a1; viernes 14 de enero<\/span><\/li>\n<li><span style=\"color: #000000;\">Documentos terminados en 4\u00a0&#x27a1; lunes 17 de enero<\/span><\/li>\n<li><span style=\"color: #000000;\">Documentos terminados en 5\u00a0&#x27a1; martes 18 de enero<\/span><\/li>\n<li><span style=\"color: #000000;\">Documentos terminados en 6\u00a0&#x27a1; mi\u00e9rcoles 19 de enero<\/span><\/li>\n<li><span style=\"color: #000000;\">Documentos terminados en 7\u00a0&#x27a1; jueves 20 de enero<\/span><\/li>\n<li><span style=\"color: #000000;\">Documentos terminados en 8\u00a0&#x27a1; viernes 21 de enero<\/span><\/li>\n<li><span style=\"color: #000000;\">Documentos terminados en 9\u00a0&#x27a1; lunes 24 de enero<\/span><\/li>\n<\/ul>\n<p><span style=\"color: #000000;\">Jubilados y pensionados que\u00a0<strong>superan la suma de $32.664:<\/strong><\/span><\/p>\n<ul>\n<li><span style=\"color: #000000;\">DNI terminados en 0 y 1\u00a0&#x27a1; martes 25 de enero<\/span><\/li>\n<li><span style=\"color: #000000;\">DNI terminados en 2 y 3\u00a0&#x27a1; mi\u00e9rcoles 26 de enero<\/span><\/li>\n<li><span style=\"color: #000000;\">DNI terminados en 4 y 5\u00a0&#x27a1; jueves 27 de enero<\/span><\/li>\n<li><span style=\"color: #000000;\">DNI terminados en 6 y 7\u00a0&#x27a1; viernes 28 de enero<\/span><\/li>\n<li><span style=\"color: #000000;\">DNI terminados en 8 y 9\u00a0&#x27a1; lunes 31 de enero<\/span><\/li>\n<\/ul>\n<div class=\"link_nota_propia\">\n<article class=\"nota nota--horizontal\">\n<div class=\"aux\">\n<div class=\"nota__data\"><\/div>\n<\/div>\n<\/article>\n<\/div>\n<h4><span style=\"color: #000000;\"><strong>Cu\u00e1nto cobro en enero 2022<\/strong><\/span><\/h4>\n<p><span style=\"color: #000000;\">Despu\u00e9s del aumento del 12.11% en diciembre, todas las jubilaciones y pensiones subieron, adem\u00e1s del aguinaldo y el bono de fin de a\u00f1o que sumaron los haberes. En ese sentido, depende qu\u00e9 tipo de jubilaci\u00f3n se tenga para saber cu\u00e1l es el monto:<\/span><\/p>\n<ul>\n<li><span style=\"color: #000000;\">Una persona que tiene jubilaci\u00f3n o pensi\u00f3n<strong>\u00a0m\u00ednima, percibe en enero $29.062<\/strong><\/span><\/li>\n<li><span style=\"color: #000000;\">En el caso de que tengan los dos haberes m\u00ednimos,\u00a0<strong>jubilaci\u00f3n y pensi\u00f3n, cobran $58.124<\/strong><\/span><\/li>\n<li><span style=\"color: #000000;\">En general una jubilaci\u00f3n media parte de los $32.000<\/span><\/li>\n<li><span style=\"color: #000000;\">Jubilaci\u00f3n m\u00e1xima\u00a0&#x27a1; $195.557<\/span><\/li>\n<\/ul>\n<h4><span style=\"color: #000000;\"><strong>\u00bfHay otro bono para jubilados y pensionados?<\/strong><\/span><\/h4>\n<p><span style=\"color: #000000;\">Por parte de ANSES, los jubilados, pensionados y Pensiones no Contributivas (PNC)\u00a0<strong>recibieron el bono de $8000 que se deposit\u00f3 entre el 20 y el 23 de diciembre<\/strong>. Ahora muchos beneficiarios tienen la duda sobre si van a tener un nuevo pago extra, pero lo cierto es que no es para todos.<\/span><\/p>\n<p><span style=\"color: #000000;\">El nuevo bono de $8000 es principalmente para pensionados que\u00a0<strong>cobran la m\u00ednima y s\u00f3lo para la Provincia de Buenos Aires<\/strong>, ya que lo otorga el gobierno de Axel Kicillof y no ANSES. Esto quiere decir que\u00a0<strong>no es para todo el pa\u00eds<\/strong> y tampoco para quienes superen el haber m\u00ednimo. Incluso queda afuera el \u00c1rea Metropolitana de Buenos Aires (AMBA).<\/span><\/p>\n<h4><span style=\"color: #000000;\"><strong>\u00bfCu\u00e1ndo se paga el pr\u00f3ximo aumento y qu\u00e9 beneficios hay?<\/strong><\/span><\/h4>\n<p><span style=\"color: #000000;\">Los incrementos, como el que se dio en diciembre, ya est\u00e1n fijos en determinados meses del a\u00f1o por Ley de Movilidad.\u00a0<strong>El pr\u00f3ximo ser\u00e1 en marzo de 2022.<\/strong><\/span><\/p>\n<p><span style=\"color: #000000;\">En cuanto a otros pagos o beneficios, los jubilados y pensionados tienen\u00a0<strong>disponibles los cr\u00e9ditos ANSES<\/strong>\u00a0y, adem\u00e1s,\u00a0<strong>se extendieron hasta junio de 2022 los reintegros del 15%<\/strong>\u00a0por comprar en comercios con tarjeta de d\u00e9bito.<\/span><\/p>\n<h4><span style=\"color: #000000;\"><strong>\u00bfHabr\u00e1 Tarjeta Alimentar para jubilados?<\/strong><\/span><\/h4>\n<p><span style=\"color: #000000;\"><strong>No, por el momento no hay Tarjeta Alimentaria para jubilados y pensionados<\/strong>. Hace unos meses, desde Desarrollo Social dijeron que se estudiaba la posibilidad, pero nunca se confirm\u00f3. Por ahora, sigue siendo para la Asignaci\u00f3n Universal por Hijo (AUH), la Asignaci\u00f3n por Embarazo (AUE) y las PNC Madres 7 hijos.<\/span><\/p>\n<h4><span style=\"color: #000000;\"><strong>C\u00f3mo consultar liquidaci\u00f3n, fecha y lugar de cobro<\/strong><\/span><\/h4>\n<p><span style=\"color: #000000;\">Hay 3 opciones para consultar la fecha de cobro:<\/span><\/p>\n<p><span style=\"color: #000000;\"><strong>1)<\/strong>\u00a0Ingresar a la<\/span>\u00a0<a class=\"link\" href=\"https:\/\/www.anses.gob.ar\/\" target=\"_blank\" rel=\"noopener\">p\u00e1gina oficial de ANSES<\/a>\u00a0<span style=\"color: #000000;\">y seleccionar en el inicio \u00abCalendario de pagos\u00bb, donde figuran las fechas para todos los beneficiarios.<\/span><\/p>\n<p><span style=\"color: #000000;\"><strong>2)<\/strong>\u00a0Ingresar a<\/span>\u00a0<a class=\"link\" href=\"https:\/\/servicioswww.anses.gob.ar\/dondecobrov2\" target=\"_blank\" rel=\"noopener\">Fecha y lugar de cobro ANSES<\/a>\u00a0<span style=\"color: #000000;\">con n\u00famero de CUIL, donde vas a ver el detalle de la liquidaci\u00f3n, d\u00eda y lugar de pago.<\/span><\/p>\n<p><span style=\"color: #000000;\"><strong>3)<\/strong>\u00a0Ingresar en<\/span>\u00a0<a class=\"link\" href=\"https:\/\/servicioscorp.anses.gob.ar\/clavelogon\/logon.aspx?system=miansesv2\" target=\"_blank\" rel=\"noopener\">Mi ANSES<\/a>\u00a0<span style=\"color: #000000;\">con CUIL y Clave de Seguridad Social y elegir \u00abCobros\u00bb para saber el detalle.<\/span><\/p>\n<div class=\"fixed-container \"><img decoding=\"async\" class=\"i-amphtml-fill-content i-amphtml-replaced-content\" src=\"https:\/\/pxb.cdn.ciudadanodiario.com.ar\/ciudadano\/122021\/1640725535110\/cuando_cobro_anses.webp?cw=762&amp;ch=391&amp;extw=JPG\" alt=\"www.anses.gob.ar consultas cuando cobro\" data-amp-auto-lightbox-disable=\"\" \/><\/div>\n<h5><span style=\"color: #000000;\">El Ciudadano.<\/span><\/h5>\n","protected":false},"excerpt":{"rendered":"<p>A pocos d\u00edas de empezar un nuevo a\u00f1o, La Administraci\u00f3n Nacional de la Seguridad Social\u00a0(ANSES)\u00a0ya present\u00f3 el\u00a0calendario de pagos oficial para &#8230;<\/p>\n","protected":false},"author":8,"featured_media":61652,"comment_status":"open","ping_status":"open","sticky":false,"template":"","format":"standard","meta":{"footnotes":""},"categories":[5,50],"tags":[],"class_list":["post-104125","post","type-post","status-publish","format-standard","has-post-thumbnail","hentry","category-actualidad","category-anses"],"_links":{"self":[{"href":"https:\/\/vinasfm.com\/noticias\/wp-json\/wp\/v2\/posts\/104125","targetHints":{"allow":["GET"]}}],"collection":[{"href":"https:\/\/vinasfm.com\/noticias\/wp-json\/wp\/v2\/posts"}],"about":[{"href":"https:\/\/vinasfm.com\/noticias\/wp-json\/wp\/v2\/types\/post"}],"author":[{"embeddable":true,"href":"https:\/\/vinasfm.com\/noticias\/wp-json\/wp\/v2\/users\/8"}],"replies":[{"embeddable":true,"href":"https:\/\/vinasfm.com\/noticias\/wp-json\/wp\/v2\/comments?post=104125"}],"version-history":[{"count":1,"href":"https:\/\/vinasfm.com\/noticias\/wp-json\/wp\/v2\/posts\/104125\/revisions"}],"predecessor-version":[{"id":104126,"href":"https:\/\/vinasfm.com\/noticias\/wp-json\/wp\/v2\/posts\/104125\/revisions\/104126"}],"wp:featuredmedia":[{"embeddable":true,"href":"https:\/\/vinasfm.com\/noticias\/wp-json\/wp\/v2\/media\/61652"}],"wp:attachment":[{"href":"https:\/\/vinasfm.com\/noticias\/wp-json\/wp\/v2\/media?parent=104125"}],"wp:term":[{"taxonomy":"category","embeddable":true,"href":"https:\/\/vinasfm.com\/noticias\/wp-json\/wp\/v2\/categories?post=104125"},{"taxonomy":"post_tag","embeddable":true,"href":"https:\/\/vinasfm.com\/noticias\/wp-json\/wp\/v2\/tags?post=104125"}],"curies":[{"name":"wp","href":"https:\/\/api.w.org\/{rel}","templated":true}]}}