{"id":104124,"date":"2022-01-04T15:41:13","date_gmt":"2022-01-04T18:41:13","guid":{"rendered":"http:\/\/vinasfm.com\/noticias\/?p=104124"},"modified":"2022-01-04T21:58:57","modified_gmt":"2022-01-05T00:58:57","slug":"detuvieron-a-un-menor-que-le-arrebato-el-celular-a-un-joven-en-el-boulevard","status":"publish","type":"post","link":"https:\/\/vinasfm.com\/noticias\/detuvieron-a-un-menor-que-le-arrebato-el-celular-a-un-joven-en-el-boulevard\/","title":{"rendered":"APREHENDIERON A UN MENOR QUE LE ARREBAT\u00d3 EL CELULAR A UN JOVEN EN EL BOULEVARD"},"content":{"rendered":"<h4><span style=\"color: #000000;\"><strong>Se trata de un adolescente de 17 a\u00f1os quien durante los primeros minutos de este lunes le sustrajo un tel\u00e9fono celular a otro joven en el boulevard de Avenida Libertador Norte.<\/strong><\/span><\/h4>\n<p><span style=\"color: #000000;\">Seg\u00fan informaron autoridades policiales,<strong> alrededor de las 00:30hs<\/strong> un joven de 21 a\u00f1os se encontraba en el boulevard de Av. Libertador Norte con su celular en la mano cuando<strong> se le acerc\u00f3 corriendo un delincuente y se lo arrebat\u00f3 para luego darse a la fuga raudamente<\/strong>.<\/span><\/p>\n<p><span style=\"color: #000000;\">Con la denuncia realizada y las caracter\u00edsticas aportadas por la v\u00edctima, <strong>personal policial inici\u00f3 la b\u00fasqueda<\/strong> del sujeto<strong> logrando dar con \u00e9l en la plaza Carlos Mar\u00eda de Alvear.<\/strong><\/span><\/p>\n<p><span style=\"color: #000000;\">Al momento de la requisa,<strong> entre sus prendas los uniformados le encontraron en dispositivo sustra\u00eddo<\/strong> raz\u00f3n por la que <strong>fue trasladado a Comisar\u00eda 14\u00b0<\/strong> donde permaneci\u00f3 en calidad de detenido hasta que <strong>fue restituido a sus padres recuperando la libertad<\/strong>.<\/span><\/p>\n<h5><span style=\"color: #000000;\">\u2022F.B.\u00a0<\/span><\/h5>\n","protected":false},"excerpt":{"rendered":"<p>Se trata de un adolescente de 17 a\u00f1os quien durante los primeros minutos de este lunes le sustrajo un tel\u00e9fono celular &#8230;<\/p>\n","protected":false},"author":8,"featured_media":18463,"comment_status":"open","ping_status":"open","sticky":false,"template":"","format":"standard","meta":{"footnotes":""},"categories":[5,4],"tags":[],"class_list":["post-104124","post","type-post","status-publish","format-standard","has-post-thumbnail","hentry","category-actualidad","category-policiales"],"_links":{"self":[{"href":"https:\/\/vinasfm.com\/noticias\/wp-json\/wp\/v2\/posts\/104124","targetHints":{"allow":["GET"]}}],"collection":[{"href":"https:\/\/vinasfm.com\/noticias\/wp-json\/wp\/v2\/posts"}],"about":[{"href":"https:\/\/vinasfm.com\/noticias\/wp-json\/wp\/v2\/types\/post"}],"author":[{"embeddable":true,"href":"https:\/\/vinasfm.com\/noticias\/wp-json\/wp\/v2\/users\/8"}],"replies":[{"embeddable":true,"href":"https:\/\/vinasfm.com\/noticias\/wp-json\/wp\/v2\/comments?post=104124"}],"version-history":[{"count":3,"href":"https:\/\/vinasfm.com\/noticias\/wp-json\/wp\/v2\/posts\/104124\/revisions"}],"predecessor-version":[{"id":104131,"href":"https:\/\/vinasfm.com\/noticias\/wp-json\/wp\/v2\/posts\/104124\/revisions\/104131"}],"wp:featuredmedia":[{"embeddable":true,"href":"https:\/\/vinasfm.com\/noticias\/wp-json\/wp\/v2\/media\/18463"}],"wp:attachment":[{"href":"https:\/\/vinasfm.com\/noticias\/wp-json\/wp\/v2\/media?parent=104124"}],"wp:term":[{"taxonomy":"category","embeddable":true,"href":"https:\/\/vinasfm.com\/noticias\/wp-json\/wp\/v2\/categories?post=104124"},{"taxonomy":"post_tag","embeddable":true,"href":"https:\/\/vinasfm.com\/noticias\/wp-json\/wp\/v2\/tags?post=104124"}],"curies":[{"name":"wp","href":"https:\/\/api.w.org\/{rel}","templated":true}]}}