{"id":104117,"date":"2022-01-04T10:00:41","date_gmt":"2022-01-04T13:00:41","guid":{"rendered":"http:\/\/vinasfm.com\/noticias\/?p=104117"},"modified":"2022-01-04T21:35:45","modified_gmt":"2022-01-05T00:35:45","slug":"detuvieron-a-joven-delicuente-por-robar-un-reflector-en-un-local-bailable","status":"publish","type":"post","link":"https:\/\/vinasfm.com\/noticias\/detuvieron-a-joven-delicuente-por-robar-un-reflector-en-un-local-bailable\/","title":{"rendered":"DETUVIERON A JOVEN DELICUENTE POR ROBAR UN REFLECTOR EN UN LOCAL BAILABLE"},"content":{"rendered":"<h4><span style=\"color: #000000;\"><strong>Un joven de 21 a\u00f1os fue aprehendido en horas del mediod\u00eda de este domingo luego de apoderarse de un elemento lum\u00ednico de la parte externa de un local bailable de Ciudad.<\/strong><\/span><\/h4>\n<p><span style=\"color: #000000;\">En di\u00e1logo con <strong>F.M. Vi\u00f1as<\/strong> el <strong>Subcomisario Jos\u00e9 L\u00f3pez<\/strong> sintetiz\u00f3 los hechos registrados durante este primer fin de semana de 2022 y en las novedades de relevancia coment\u00f3 que<strong> alrededor de las 6:45hs de este domingo<\/strong> los propietarios de<strong><em> Gothan City Club<\/em><\/strong> alertaron al 911 sobre la sustracci\u00f3n de un <strong><em>reflector de luz led de colores<\/em><\/strong>.<\/span><\/p>\n<p><span style=\"color: #000000;\">El malvivente, que hab\u00eda asistido al local<strong> ubicado en calle Uspallata<\/strong>, <strong>se llev\u00f3 el elemento al salir<\/strong> aprovechando el descuido del personal de seguridad.<\/span><\/p>\n<p><span style=\"color: #000000;\">Al arribar <strong>personal de Investigaciones de Alvear<\/strong>, <strong>cotej\u00f3 las grabaciones de las c\u00e1maras de videovigilancia particulares y logr\u00f3 identificar al autor de delito<\/strong> por lo que solicitaron a la Justicia la orden de allanamiento para su captura.<\/span><\/p>\n<p><span style=\"color: #000000;\">Alrededor de las <strong>12:25hs del mismo d\u00eda<\/strong>, obedeciendo la diligencia judicial, <strong>los efectivos intervinieron el domicilio<\/strong> (no especificado) del delincuente donde <strong>se lo detuvo y, junto con el secuestro fue trasladado a la Comisar\u00eda 14\u00b0<\/strong>.<\/span><\/p>\n<p><span style=\"color: #000000;\">El joven qued\u00f3 supeditado a la causa caratulada como &#8216;<strong><em>averiguaci\u00f3n hurto<\/em><\/strong>&#8216; que se investiga bajo instrucci\u00f3n de la <strong>Unidad Fiscal de General Alvear<\/strong>.<\/span><\/p>\n<h5><span style=\"color: #000000;\">\u2022F.B.<\/span><\/h5>\n","protected":false},"excerpt":{"rendered":"<p>Un joven de 21 a\u00f1os fue aprehendido en horas del mediod\u00eda de este domingo luego de apoderarse de un elemento lum\u00ednico &#8230;<\/p>\n","protected":false},"author":8,"featured_media":33503,"comment_status":"open","ping_status":"open","sticky":false,"template":"","format":"standard","meta":{"footnotes":""},"categories":[5,4],"tags":[],"class_list":["post-104117","post","type-post","status-publish","format-standard","has-post-thumbnail","hentry","category-actualidad","category-policiales"],"_links":{"self":[{"href":"https:\/\/vinasfm.com\/noticias\/wp-json\/wp\/v2\/posts\/104117","targetHints":{"allow":["GET"]}}],"collection":[{"href":"https:\/\/vinasfm.com\/noticias\/wp-json\/wp\/v2\/posts"}],"about":[{"href":"https:\/\/vinasfm.com\/noticias\/wp-json\/wp\/v2\/types\/post"}],"author":[{"embeddable":true,"href":"https:\/\/vinasfm.com\/noticias\/wp-json\/wp\/v2\/users\/8"}],"replies":[{"embeddable":true,"href":"https:\/\/vinasfm.com\/noticias\/wp-json\/wp\/v2\/comments?post=104117"}],"version-history":[{"count":1,"href":"https:\/\/vinasfm.com\/noticias\/wp-json\/wp\/v2\/posts\/104117\/revisions"}],"predecessor-version":[{"id":104123,"href":"https:\/\/vinasfm.com\/noticias\/wp-json\/wp\/v2\/posts\/104117\/revisions\/104123"}],"wp:featuredmedia":[{"embeddable":true,"href":"https:\/\/vinasfm.com\/noticias\/wp-json\/wp\/v2\/media\/33503"}],"wp:attachment":[{"href":"https:\/\/vinasfm.com\/noticias\/wp-json\/wp\/v2\/media?parent=104117"}],"wp:term":[{"taxonomy":"category","embeddable":true,"href":"https:\/\/vinasfm.com\/noticias\/wp-json\/wp\/v2\/categories?post=104117"},{"taxonomy":"post_tag","embeddable":true,"href":"https:\/\/vinasfm.com\/noticias\/wp-json\/wp\/v2\/tags?post=104117"}],"curies":[{"name":"wp","href":"https:\/\/api.w.org\/{rel}","templated":true}]}}