{"id":104108,"date":"2022-01-03T10:21:42","date_gmt":"2022-01-03T13:21:42","guid":{"rendered":"http:\/\/vinasfm.com\/noticias\/?p=104108"},"modified":"2022-01-03T12:22:01","modified_gmt":"2022-01-03T15:22:01","slug":"entre-peras-duraznos-y-ciruelas-apenas-se-cosecharan-53-600-toneladas-en-el-sur","status":"publish","type":"post","link":"https:\/\/vinasfm.com\/noticias\/entre-peras-duraznos-y-ciruelas-apenas-se-cosecharan-53-600-toneladas-en-el-sur\/","title":{"rendered":"ENTRE PERAS, DURAZNOS Y CIRUELAS APENAS SE COSECHAR\u00c1N 53.600 TONELADAS EN EL SUR"},"content":{"rendered":"<h4><strong><span style=\"color: #000000;\">El Instituto de Desarrollo Rural de Mendoza dio a conocer la situaci\u00f3n de los pron\u00f3sticos de cosecha para la temporada 2021\/22 y los n\u00fameros avizoran una baja cantidad de fruta, especialmente afectadas por las contingencias clim\u00e1ticas.<\/span><\/strong><\/h4>\n<p><span style=\"color: #000000;\">Las heladas y el granizo hicieron estragos en la producci\u00f3n de toda Mendoza y el sur no es la excepci\u00f3n. Es que entre peras, duraznos y ciruelas apenas se cosechar\u00e1n 53.600 toneladas, n\u00fameros significativamente bajos.<\/span><\/p>\n<p><span style=\"color: #000000;\">La principal producci\u00f3n que tendr\u00e1 el sur es la de la ciruela industrial. <strong>Seg\u00fan las estimaciones del IDR ser\u00e1n 26.021 toneladas en poco m\u00e1s de 8.400 hect\u00e1reas<\/strong>. Casi la totalidad de la cosecha se llevar\u00e1 a cabo <strong>entre San Rafael y Alvear<\/strong>, ya que en toda Mendoza se levantar\u00e1n 33.865 toneladas.<\/span><\/p>\n<p><span style=\"color: #000000;\">En lo que respecta al durazno, las variedades de industria son las m\u00e1s afectadas. Los datos del IDR marcan que en el sur mendocino se cosechar\u00e1n apenas 9260 toneladas en 1533 hect\u00e1reas cultivadas. En total en la provincia se esperan levantar 82.038, la mayor\u00eda (m\u00e1s de 65 mil) en la zona de Valle de Uco.<\/span><\/p>\n<p><span style=\"color: #000000;\">El durazno para consumo en fresco presenta un panorama un poco mejor en el sur. Se esperan levantar 10.654 toneladas sobre 1300 cultivadas. En Mendoza la cifra llega a 47.346 toneladas, con m\u00e1s de la mitad (25.315) en Valle de Uco.<\/span><\/p>\n<p><span style=\"color: #000000;\">Finalmente, la cosecha de peras la mayor producci\u00f3n de la provincia se dar\u00e1 en el sur con 7.762 toneladas de 950 hect\u00e1reas, mientras que en el Valle de Uco se esperan 6.437 en 941. La cosecha total de Mendoza se espera en 15.106 toneladas.<\/span><\/p>\n","protected":false},"excerpt":{"rendered":"<p>El Instituto de Desarrollo Rural de Mendoza dio a conocer la situaci\u00f3n de los pron\u00f3sticos de cosecha para la temporada 2021\/22 &#8230;<\/p>\n","protected":false},"author":8,"featured_media":48281,"comment_status":"open","ping_status":"open","sticky":false,"template":"","format":"standard","meta":{"footnotes":""},"categories":[5,14],"tags":[],"class_list":["post-104108","post","type-post","status-publish","format-standard","has-post-thumbnail","hentry","category-actualidad","category-agro"],"_links":{"self":[{"href":"https:\/\/vinasfm.com\/noticias\/wp-json\/wp\/v2\/posts\/104108","targetHints":{"allow":["GET"]}}],"collection":[{"href":"https:\/\/vinasfm.com\/noticias\/wp-json\/wp\/v2\/posts"}],"about":[{"href":"https:\/\/vinasfm.com\/noticias\/wp-json\/wp\/v2\/types\/post"}],"author":[{"embeddable":true,"href":"https:\/\/vinasfm.com\/noticias\/wp-json\/wp\/v2\/users\/8"}],"replies":[{"embeddable":true,"href":"https:\/\/vinasfm.com\/noticias\/wp-json\/wp\/v2\/comments?post=104108"}],"version-history":[{"count":4,"href":"https:\/\/vinasfm.com\/noticias\/wp-json\/wp\/v2\/posts\/104108\/revisions"}],"predecessor-version":[{"id":104122,"href":"https:\/\/vinasfm.com\/noticias\/wp-json\/wp\/v2\/posts\/104108\/revisions\/104122"}],"wp:featuredmedia":[{"embeddable":true,"href":"https:\/\/vinasfm.com\/noticias\/wp-json\/wp\/v2\/media\/48281"}],"wp:attachment":[{"href":"https:\/\/vinasfm.com\/noticias\/wp-json\/wp\/v2\/media?parent=104108"}],"wp:term":[{"taxonomy":"category","embeddable":true,"href":"https:\/\/vinasfm.com\/noticias\/wp-json\/wp\/v2\/categories?post=104108"},{"taxonomy":"post_tag","embeddable":true,"href":"https:\/\/vinasfm.com\/noticias\/wp-json\/wp\/v2\/tags?post=104108"}],"curies":[{"name":"wp","href":"https:\/\/api.w.org\/{rel}","templated":true}]}}