{"id":104104,"date":"2022-01-03T10:19:47","date_gmt":"2022-01-03T13:19:47","guid":{"rendered":"http:\/\/vinasfm.com\/noticias\/?p=104104"},"modified":"2022-01-03T12:22:18","modified_gmt":"2022-01-03T15:22:18","slug":"precios-de-la-rto-valor-de-la-oblea-multas-y-arreglos-mas-solicitados","status":"publish","type":"post","link":"https:\/\/vinasfm.com\/noticias\/precios-de-la-rto-valor-de-la-oblea-multas-y-arreglos-mas-solicitados\/","title":{"rendered":"PRECIOS DE LA RTO: VALOR DE LA OBLEA, MULTAS Y ARREGLOS M\u00c1S SOLICITADOS"},"content":{"rendered":"<h4><span style=\"color: #000000;\"><strong>Este s\u00e1bado comenz\u00f3 a regir en Mendoza la obligatoriedad de la Revisi\u00f3n T\u00e9cnica Vehicular\u00a0para todos aquellos autos con m\u00e1s de tres a\u00f1os de antig\u00fcedad y para las motos de m\u00e1s de dos a\u00f1os.<\/strong><\/span><\/h4>\n<p><span style=\"color: #000000;\">El af\u00e1n de los mendocinos por contar con la oblea habilitante de la RTO \u00a0produjo <strong>un colapso del sistema oficial<\/strong> que otorga turnos y permite el pago online del tr\u00e1mite mediante<\/span> <a href=\"https:\/\/rto.mendoza.gov.ar\/\" target=\"_blank\" rel=\"noopener noreferrer\"><strong>la web del gobierno<\/strong><\/a>. <span style=\"color: #000000;\">Tambi\u00e9n hubo colas en los talleres que alcanzaron kil\u00f3metros en algunos casos, falta de obleas y demoras de m\u00e1s cinco horas.<\/span><\/p>\n<p><span style=\"color: #000000;\">Cuando este lunes los talleres habilitados para realizar la RTO abran sus puertas, la oblea habilitante que certifica el tr\u00e1mite ser\u00e1 la de 2022 y tendr\u00e1 un valor de <strong>$3.267<\/strong>, es decir,<strong> $872 pesos m\u00e1s cara que la 2021<\/strong>, lo que significa un 36,4% de incremento.<\/span><\/p>\n<p><span style=\"color: #000000;\">Si bien <strong>Orlando Corval\u00e1n<\/strong>, director de la Unidad Ejecutiva de Seguridad Vial de Mendoza (UESV), dependiente de la Secretar\u00eda de Servicios P\u00fablicos, asegur\u00f3 a <em>El Sol<\/em> que los efectivos de tr\u00e1nsito \u201c<strong>no van a salir a la calle a ponerle multa a quien no tenga la RTO o el turno pendiente<\/strong>\u201d, s\u00ed se exigir\u00e1 una cosa o la otra en los controles policiales de rigor.<\/span><\/p>\n<h4><span style=\"color: #000000;\"><strong>El valor de las obleas RTO 2022 en Mendoza<\/strong><\/span><\/h4>\n<p><span style=\"color: #000000;\">Se calcula por unidades fijas: para autom\u00f3viles son 90 unidades y 100 para camionetas. El valor de la unidad fija es de $30 desde el 1 de enero (fue de $22 en 2021), y a esto hay que sumarle el IVA.<\/span><\/p>\n<ul>\n<li><span style=\"color: #000000;\"><strong>Moto menor a 300 cc: $1.234<\/strong><\/span><\/li>\n<li><span style=\"color: #000000;\"><strong>Moto mayor a 300 cc: $2.250<\/strong><\/span><\/li>\n<li><span style=\"color: #000000;\"><strong>Autos: $3.267<\/strong><\/span><\/li>\n<li><span style=\"color: #000000;\"><strong>Camionetas: $3.630<\/strong><\/span><\/li>\n<li><span style=\"color: #000000;\"><strong>Camiones: $4.501<\/strong><\/span><\/li>\n<\/ul>\n<h4><span style=\"color: #000000;\"><strong>Cu\u00e1nto vale la multa\u00a0y c\u00f3mo \u00abzafar\u00bb<\/strong><\/span><\/h4>\n<p><span style=\"color: #000000;\">El valor de la multa para el veh\u00edculo que no tenga realizada la RTO en Mendoza ser\u00e1 de <strong>$3.000<\/strong>. Se considera falta leve.<\/span><\/p>\n<p><span style=\"color: #000000;\">En caso de no haber realizado la RTO hasta el momento, <strong>se podr\u00e1 justificar la falta<\/strong> portando un comprobante de turno pendiente hasta desde enero hasta el mes de abril inclusive.<\/span><\/p>\n<p><span style=\"color: #000000;\">Para ello se debe imprimir o guardar en un dispositivo m\u00f3vil el comprobante de dicho turno otorgado por la web oficial o por alguno de los 19 talleres habilitados.<\/span><\/p>\n<p><span style=\"color: #000000;\">En caso de sufrir uno de los errores m\u00e1s frecuentes de la web, que es no recibir la confirmaci\u00f3n del turno en la casilla de mail de quien lo solicita, sirve contar con una <strong>captura de pantalla de la web<\/strong> al momento de mostrar esta informaci\u00f3n. \u00a0As\u00ed lo asegur\u00f3 Corval\u00e1n, quien adem\u00e1s dio esta soluci\u00f3n como consejo.<\/span><\/p>\n<p><span style=\"color: #000000;\">Tampoco aquellos veh\u00edculos de las comunas que <strong>no tienen todav\u00eda habilitados los Centros de Revisi\u00f3n T\u00e9cnica Obligatoria<\/strong>: <strong>San Carlos, Tupungato, Tunuy\u00e1n, La Paz, Santa Rosa, Lavalle y Malarg\u00fce<\/strong>, seg\u00fan qued\u00f3 determinado\u00a0 en el Bolet\u00edn Oficial. Corval\u00e1n \u00a0asegur\u00f3 que<strong>tampoco se exigir\u00e1 en veh\u00edculos de Uspallata<\/strong> \u00abhasta que no cuente con un taller habilitado en la zona\u00bb.<\/span><\/p>\n<h4><span style=\"color: #000000;\"><strong>Importante: c\u00f3mo y d\u00f3nde se paga<\/strong><\/span><\/h4>\n<p><span style=\"color: #000000;\">Si el turno fue solicitado por medio de la p\u00e1gina web oficial, el tr\u00e1mite debe ser abonado en el mismo sitio web para darle fin al tr\u00e1mite. Caso contrario, ese turno no llegar\u00e1 a conocimiento del taller seleccionado y, por ende,<strong> la cita quedar\u00e1 sin efecto.<\/strong><\/span><\/p>\n<p><span style=\"color: #000000;\">Cuando cada taller ingresa al sistema oficial y descarga el listado con los turnos del d\u00eda, s\u00f3lo figuran aquellos que hayan efectuado el pago.<\/span><\/p>\n<p><span style=\"color: #000000;\">Si el turno fue obtenido de forma privada directamente con el taller, la operaci\u00f3n de pago se debe realizar al momento de finalizar la revisi\u00f3n en dicho lugar.<\/span><\/p>\n<h4><span style=\"color: #000000;\"><strong>Qu\u00e9 se revisa al veh\u00edculo<\/strong><\/span><\/h4>\n<ul>\n<li><span style=\"color: #000000;\">Frenos delanteros y traseros<\/span><\/li>\n<li><span style=\"color: #000000;\">Direcci\u00f3n<\/span><\/li>\n<li><span style=\"color: #000000;\">Suspensi\u00f3n<\/span><\/li>\n<li><span style=\"color: #000000;\">Sistema de transmisi\u00f3n<\/span><\/li>\n<li><span style=\"color: #000000;\">Sistema de rodamiento<\/span><\/li>\n<li><span style=\"color: #000000;\">Luces<\/span><\/li>\n<li><span style=\"color: #000000;\">Intensidad sonora, silenciador y sistema de escape.<\/span><\/li>\n<li><span style=\"color: #000000;\">Emisi\u00f3n de contaminantes, gases de escape, p\u00e9rdidas de fluidos.<\/span><\/li>\n<li><span style=\"color: #000000;\">Estado general de veh\u00edculo y carrocer\u00eda: elementos salientes o cortantes, deterioros, guardabarros, paragolpes, defensas reglamentarias, altura, puertas, capot y ba\u00fal.<\/span><\/li>\n<li><span style=\"color: #000000;\">Parabrisas, luneta y cristales laterales.<\/span><\/li>\n<li><span style=\"color: #000000;\">Limpiaparabrisas.<\/span><\/li>\n<li><span style=\"color: #000000;\">Espejos retrovisores.<\/span><\/li>\n<li><span style=\"color: #000000;\">Dispositivos del sistema de instrumental y registro de operaciones.<\/span><\/li>\n<li><span style=\"color: #000000;\">Accesorios de seguridad y elementos para emergencia: cinturones de seguridad, apoya cabezas, extintores o matafuegos, balizas tri\u00e1ngulo refractante, chaleco refractario y botiqu\u00edn de primeros auxilios.<\/span><\/li>\n<\/ul>\n<h4><span style=\"color: #000000;\"><strong>Los precios de las reparaciones m\u00e1s solicitadas<\/strong><\/span><\/h4>\n<p><span style=\"color: #000000;\">Valores promedio de acuerdo a lo expresado por algunos talleres mec\u00e1nicos<\/span><\/p>\n<ul>\n<li><span style=\"color: #000000;\"><strong>Tren delantero y amortiguaci\u00f3n completos<\/strong>: $40.000 a $50.000\u00a0 autos gama media. $70.000 a $80.000 autos gama alta (tipo 308 o Bora). $100.000 camionetas.<\/span><\/li>\n<li><span style=\"color: #000000;\"><strong>Mano de obra amortiguadores<\/strong> $3.000 a $5.000<\/span><\/li>\n<li><span style=\"color: #000000;\"><strong>Mano de obra tren delantero<\/strong> $10.000 a $15.000<\/span><\/li>\n<li><span style=\"color: #000000;\"><strong>Juego de pastillas de freno<\/strong> $5.000 (autos de unos 10 a\u00f1os de gama media) a $20.000 repuesto y mano de obra.<\/span><\/li>\n<li><span style=\"color: #000000;\"><strong>Kit x 2 amortiguadores<\/strong> auto gama media (tipo Renault clio 2) $13.000 y x4 $22.000<\/span><\/li>\n<li><span style=\"color: #000000;\"><strong>Kit Bujes- Precap -Extremos y Rotulas<\/strong> auto gama media $15.000<\/span><\/li>\n<li><span style=\"color: #000000;\"><strong>Rodamiento<\/strong> auto gama media $2.500 c\/u<\/span><\/li>\n<li><span style=\"color: #000000;\"><strong>Juego de \u00f3pticas<\/strong> delanteras \u00a0auto tipo Palio, Siena, Clio $15.000<\/span><\/li>\n<li><span style=\"color: #000000;\"><strong>L\u00e1mpara est\u00e1ndar para auto gama baja<\/strong> $400 promedio (alta y baja)<\/span><\/li>\n<li><span style=\"color: #000000;\"><strong>L\u00e1mpara est\u00e1ndar gama media<\/strong> $800 promedio (alta y baja)<\/span><\/li>\n<li><span style=\"color: #000000;\"><strong>Focos luces traseras<\/strong> $100<\/span><\/li>\n<li><span style=\"color: #000000;\"><strong>Parabrisas<\/strong> auto gama media $30.000<\/span><\/li>\n<li><span style=\"color: #000000;\"><strong>Kit reglamentario de seguridad<\/strong> para auto de 10 elementos $ 3.500 (incluye matafuego de 1kg, chaleco refractario, 2 balizas, botiqu\u00edn primeros auxilios, cuarta de remolque, par de guantes moteados, poncho para lluvia, pa\u00f1o de microfibra y bolso)<\/span><\/li>\n<\/ul>\n<h4><span style=\"color: #000000;\"><strong>Qu\u00e9 es la RTO<\/strong><\/span><\/h4>\n<p><span style=\"color: #000000;\">La Revisi\u00f3n T\u00e9cnica Obligatoria es una inspecci\u00f3n mec\u00e1nica y t\u00e9cnica que permite conocer el estado de veh\u00edculos, y por consecuente determinar si cuenta con las condiciones m\u00ednimas que garanticen la seguridad del conductor, la de los pasajeros y los usuarios de la v\u00eda p\u00fablica.<\/span><\/p>\n<p><span style=\"color: #000000;\">El Gobierno Nacional implement\u00f3 el servicio RTO mediante la <strong>Ley 24.449 y 26.363<\/strong>, de car\u00e1cter obligatorio, para todo el parque automotor radicado en el territorio nacional, conforme lo dispone la normativa vigente.<\/span><\/p>\n<p><span style=\"color: #000000;\">Tiene por objeto prevenir y evitar los accidentes de tr\u00e1nsito causados por defectos del veh\u00edculo, y disminuir la contaminaci\u00f3n ambiental.<\/span><\/p>\n<h5><span style=\"color: #000000;\">Fuente: El Sol.<\/span><\/h5>\n","protected":false},"excerpt":{"rendered":"<p>Este s\u00e1bado comenz\u00f3 a regir en Mendoza la obligatoriedad de la Revisi\u00f3n T\u00e9cnica Vehicular\u00a0para todos aquellos autos con m\u00e1s de tres &#8230;<\/p>\n","protected":false},"author":8,"featured_media":103628,"comment_status":"open","ping_status":"open","sticky":false,"template":"","format":"standard","meta":{"footnotes":""},"categories":[5,10],"tags":[],"class_list":["post-104104","post","type-post","status-publish","format-standard","has-post-thumbnail","hentry","category-actualidad","category-destacadas"],"_links":{"self":[{"href":"https:\/\/vinasfm.com\/noticias\/wp-json\/wp\/v2\/posts\/104104","targetHints":{"allow":["GET"]}}],"collection":[{"href":"https:\/\/vinasfm.com\/noticias\/wp-json\/wp\/v2\/posts"}],"about":[{"href":"https:\/\/vinasfm.com\/noticias\/wp-json\/wp\/v2\/types\/post"}],"author":[{"embeddable":true,"href":"https:\/\/vinasfm.com\/noticias\/wp-json\/wp\/v2\/users\/8"}],"replies":[{"embeddable":true,"href":"https:\/\/vinasfm.com\/noticias\/wp-json\/wp\/v2\/comments?post=104104"}],"version-history":[{"count":2,"href":"https:\/\/vinasfm.com\/noticias\/wp-json\/wp\/v2\/posts\/104104\/revisions"}],"predecessor-version":[{"id":104107,"href":"https:\/\/vinasfm.com\/noticias\/wp-json\/wp\/v2\/posts\/104104\/revisions\/104107"}],"wp:featuredmedia":[{"embeddable":true,"href":"https:\/\/vinasfm.com\/noticias\/wp-json\/wp\/v2\/media\/103628"}],"wp:attachment":[{"href":"https:\/\/vinasfm.com\/noticias\/wp-json\/wp\/v2\/media?parent=104104"}],"wp:term":[{"taxonomy":"category","embeddable":true,"href":"https:\/\/vinasfm.com\/noticias\/wp-json\/wp\/v2\/categories?post=104104"},{"taxonomy":"post_tag","embeddable":true,"href":"https:\/\/vinasfm.com\/noticias\/wp-json\/wp\/v2\/tags?post=104104"}],"curies":[{"name":"wp","href":"https:\/\/api.w.org\/{rel}","templated":true}]}}