{"id":104101,"date":"2022-01-04T23:59:25","date_gmt":"2022-01-05T02:59:25","guid":{"rendered":"http:\/\/vinasfm.com\/noticias\/?p=104101"},"modified":"2022-01-06T13:08:32","modified_gmt":"2022-01-06T16:08:32","slug":"dos-distritos-alvearenses-declarados-en-estado-de-emergencia-y-desastre-agropecuario","status":"publish","type":"post","link":"https:\/\/vinasfm.com\/noticias\/dos-distritos-alvearenses-declarados-en-estado-de-emergencia-y-desastre-agropecuario\/","title":{"rendered":"DOS DISTRITOS ALVEARENSES DECLARADOS EN ESTADO DE EMERGENCIA Y DESASTRE AGROPECUARIO"},"content":{"rendered":"<h4><span style=\"color: #000000;\"><strong>El Gobierno de Mendoza decret\u00f3 el estado de emergencia o desastre agropecuario en las zonas cultivadas recientemente afectadas por la ca\u00edda de granizo.\u00a0La medida alcanzar\u00e1 a m\u00e1s de 60 distritos\u00a0de 12 departamentos, informaron.<\/strong><\/span><\/h4>\n<p><span style=\"color: #000000;\">La decisi\u00f3n publicada en el Bolet\u00edn Oficial este domingo establece que <strong>todos los productores que hayan sufrido da\u00f1os en sus cultivos, previa denuncia, podr\u00e1n acceder a beneficios<\/strong>.\u00a0Esto\u00a0abarcar\u00e1 el per\u00edodo comprendido entre el 1 de enero de 2022 y el 31 de marzo de 2023.<\/span><\/p>\n<p><span style=\"color: #000000;\">\u201c<em>Corresponde <strong>declarar en estado de emergencia agropecuaria y\/o desastre agropecuario<\/strong>a los predios rurales que hayan sufrido p\u00e9rdidas de significaci\u00f3n en sus cultivos<\/em>\u201d, se\u00f1ala el\u00a0texto.\u00a0<\/span><\/p>\n<p><span style=\"color: #000000;\">La diferencia entre ambos t\u00e9rminos es que<strong> quienes hayan denunciado p\u00e9rdidas de entre 50% y 79% ser\u00e1n alcanzados por los beneficios de la emergencia agropecuaria<\/strong>. En tanto,<strong> los productores afectados\u00a0en m\u00e1s\u00a0del 80% estar\u00e1n enmarcados en lo que la normativa establece como desastre agropecuario<\/strong>. \u00a0<\/span><\/p>\n<p><span style=\"color: #000000;\">Algunos de los beneficios que se aplicar\u00e1n a partir de esta declaraci\u00f3n incluyen la eximici\u00f3n de la obligaci\u00f3n de pago del impuesto inmobiliario y de los c\u00e1nones de riego, la pr\u00f3rroga de\u00a0vencimientos de cuotas de cr\u00e9ditos,\u00a0l\u00edneas de financiaci\u00f3n con tasas de inter\u00e9s bonificadas\u00a0y bonificaci\u00f3n en las facturas del servicio el\u00e9ctrico.<\/span><\/p>\n<p><span style=\"color: #000000;\">La de granizo afect\u00f3 seriamente a distintas partes de la provincia. Principalmente, gener\u00f3 da\u00f1os en Lavalle, donde falleci\u00f3 un motociclista y San Mart\u00edn.\u00a0<\/span><\/p>\n<p><span style=\"color: #000000;\">Al respecto, <strong>Enrique Vaqui\u00e9, ministerio de Econom\u00eda y Energ\u00eda<\/strong> afirm\u00f3: \u201c<strong><em>Esta medida viene a traer alivio a la situaci\u00f3n de todos los productores afectados. La decisi\u00f3n se suma, adem\u00e1s, a las\u00a0medidas que hemos anunciado previamente\u00a0en los departamentos de San Mart\u00edn y\u00a0Lavalle, principales damnificados por las \u00faltimas tormentas<\/em><\/strong>\u201d.\u00a0\u00a0<\/span><\/p>\n<h4><span style=\"color: #000000;\"><strong>Distritos alcanzados por la emergencia<\/strong><\/span><\/h4>\n<p><span style=\"color: #000000;\">Seg\u00fan detalle el documento, la\u00a0emergencia alcanza a un total de 66 localidades distribuidas en 12 departamentos ubicados en las cuatro regiones: Norte, Centro, Este y Sur.\u00a0\u00a0\u00a0<\/span><\/p>\n<ul>\n<li><span style=\"color: #000000;\"><strong>General Alvear:\u00a0Alvear Oeste y Bowen. \u00a0<\/strong><\/span><\/li>\n<li><span style=\"color: #000000;\"><strong>San Rafael:<\/strong>\u00a0<strong>Ca\u00f1ada Seca, Cuadro Nacional, El Cerrito, Goudge, Jaime Prats, La Llave, Las Paredes, Monte Com\u00e1n, Rama Ca\u00edda, Real del Padre y Villa Atuel.<\/strong><\/span><\/li>\n<li><span style=\"color: #000000;\"><strong>Tunuy\u00e1n:\u00a0<\/strong>Las Pintadas y Vista Flores.\u00a0<\/span><\/li>\n<li><span style=\"color: #000000;\"><strong>Tupungato:<\/strong> Cord\u00f3n del Plata, El Zampal, La Arboleda, San Jos\u00e9 y Tupungato .\u00a0<\/span><\/li>\n<li><span style=\"color: #000000;\"><strong>Jun\u00edn:<\/strong>\u00a0Algarrobo Grande, Alto Verde, Jun\u00edn, La Colonia, Phillips y Rodr\u00edguez Pe\u00f1a. \u00a0<\/span><\/li>\n<li><span style=\"color: #000000;\"><strong>Rivadavia:<\/strong>\u00a0Andrade, El Mirador, La Central, Los \u00c1rboles, Mundo Nuevo, Rivadavia y Santa Mar\u00eda de Oro. \u00a0<\/span><\/li>\n<li><span style=\"color: #000000;\"><strong>San Mart\u00edn:\u00a0<\/strong>Alto Salvador, Alto Verde, Buen Orden, Chapanay, Chivilcoy, El Central, El Divisadero, El Espino, El Rambl\u00f3n, Montecaseros y San Martin. \u00a0<\/span><\/li>\n<li><span style=\"color: #000000;\"><strong>Santa Rosa:<\/strong>\u00a012 de Octubre, La Dormida, Las Catitas y Santa Rosa. \u00a0<\/span><\/li>\n<li><span style=\"color: #000000;\"><strong>Las Heras:<\/strong>\u00a0El Algarrobal.\u00a0\u00a0<\/span><\/li>\n<li><span style=\"color: #000000;\"><strong>Lavalle:\u00a0<\/strong>El Carmen, Ing. Gustavo Andr\u00e9, Jocoli, Jocoli Viejo, La Palmera, San Francisco, Tres de Mayo y Tulumaya. \u00a0<\/span><\/li>\n<li><span style=\"color: #000000;\"><strong>Luj\u00e1n de Cuyo:<\/strong>\u00a0Carrizal, Ugarteche y Vistalba.\u00a0\u00a0\u00a0<\/span><\/li>\n<li><span style=\"color: #000000;\"><strong>Maip\u00fa:<\/strong>\u00a0Barrancas, Cruz de Piedra y Lunlunta. \u00a0 \u00a0<\/span><\/li>\n<\/ul>\n<h4><span style=\"color: #000000;\"><strong>Distritos alcanzados por \u00abdesastre agropecuario\u00bb<\/strong><\/span><\/h4>\n<ul>\n<li><span style=\"color: #000000;\"><strong>General Alvear:\u00a0Alvear Oeste y Bowen. \u00a0<\/strong><\/span><\/li>\n<li><span style=\"color: #000000;\"><strong>San Rafael:\u00a0Ca\u00f1ada Seca, Cuadro Nacional, El Cerrito, Goudge, Jaime Prats, La Llave, Las Paredes, Monte Com\u00e1n, Rama Ca\u00edda, Real del Padre y Villa Atuel.<\/strong><\/span><\/li>\n<li><span style=\"color: #000000;\"><strong>Tunuy\u00e1n:\u00a0<\/strong>Las Pintadas y Vista Flores.\u00a0<\/span><\/li>\n<li><span style=\"color: #000000;\"><strong>Tupungato:\u00a0<\/strong>Cord\u00f3n del Plata, El Zampal, La Arboleda, San Jos\u00e9 y Tupungato.\u00a0\u00a0<\/span><\/li>\n<li><span style=\"color: #000000;\"><strong>Jun\u00edn:<\/strong>\u00a0Algarrobo Grande, Alto Verde, Jun\u00edn, La Colonia, Phillips y Rodr\u00edguez Pe\u00f1a. \u00a0<\/span><\/li>\n<li><span style=\"color: #000000;\"><strong>Rivadavia:\u00a0<\/strong>Andrade, El Mirador, La Central, Los \u00c1rboles, Mundo Nuevo, Rivadavia y Santa Mar\u00eda de Oro. \u00a0<\/span><\/li>\n<li><span style=\"color: #000000;\"><strong>San Mart\u00edn:\u00a0<\/strong>Alto Salvador, Alto Verde, Buen Orden, Chapanay, Chivilcoy, El Central, El Divisadero, El Espino, El Rambl\u00f3n, Montecaseros y San Martin. \u00a0<\/span><\/li>\n<li><span style=\"color: #000000;\"><strong>Santa Rosa:<\/strong> 12 de Octubre, La Dormida, Las Catitas y Santa Rosa. \u00a0<\/span><\/li>\n<li><span style=\"color: #000000;\"><strong>Las Heras:\u00a0<\/strong>El Algarrobal.\u00a0\u00a0<\/span><\/li>\n<li><span style=\"color: #000000;\"><strong>Lavalle:<\/strong>\u00a0El Carmen, Ing. Gustavo Andr\u00e9, Jocoli, Jocoli Viejo, La Palmera, San Francisco, Tres de Mayo y Tulumaya. \u00a0<\/span><\/li>\n<li><span style=\"color: #000000;\"><strong>Luj\u00e1n de Cuyo:\u00a0<\/strong>Carrizal, Ugarteche y Vistalba.\u00a0\u00a0\u00a0<\/span><\/li>\n<li><span style=\"color: #000000;\"><strong>Maip\u00fa:<\/strong>\u00a0Barrancas, Cruz de Piedra y Lunlunta. \u00a0<\/span><\/li>\n<\/ul>\n","protected":false},"excerpt":{"rendered":"<p>El Gobierno de Mendoza decret\u00f3 el estado de emergencia o desastre agropecuario en las zonas cultivadas recientemente afectadas por la ca\u00edda &#8230;<\/p>\n","protected":false},"author":8,"featured_media":18312,"comment_status":"open","ping_status":"open","sticky":false,"template":"","format":"standard","meta":{"footnotes":""},"categories":[5,14],"tags":[],"class_list":["post-104101","post","type-post","status-publish","format-standard","has-post-thumbnail","hentry","category-actualidad","category-agro"],"_links":{"self":[{"href":"https:\/\/vinasfm.com\/noticias\/wp-json\/wp\/v2\/posts\/104101","targetHints":{"allow":["GET"]}}],"collection":[{"href":"https:\/\/vinasfm.com\/noticias\/wp-json\/wp\/v2\/posts"}],"about":[{"href":"https:\/\/vinasfm.com\/noticias\/wp-json\/wp\/v2\/types\/post"}],"author":[{"embeddable":true,"href":"https:\/\/vinasfm.com\/noticias\/wp-json\/wp\/v2\/users\/8"}],"replies":[{"embeddable":true,"href":"https:\/\/vinasfm.com\/noticias\/wp-json\/wp\/v2\/comments?post=104101"}],"version-history":[{"count":1,"href":"https:\/\/vinasfm.com\/noticias\/wp-json\/wp\/v2\/posts\/104101\/revisions"}],"predecessor-version":[{"id":104103,"href":"https:\/\/vinasfm.com\/noticias\/wp-json\/wp\/v2\/posts\/104101\/revisions\/104103"}],"wp:featuredmedia":[{"embeddable":true,"href":"https:\/\/vinasfm.com\/noticias\/wp-json\/wp\/v2\/media\/18312"}],"wp:attachment":[{"href":"https:\/\/vinasfm.com\/noticias\/wp-json\/wp\/v2\/media?parent=104101"}],"wp:term":[{"taxonomy":"category","embeddable":true,"href":"https:\/\/vinasfm.com\/noticias\/wp-json\/wp\/v2\/categories?post=104101"},{"taxonomy":"post_tag","embeddable":true,"href":"https:\/\/vinasfm.com\/noticias\/wp-json\/wp\/v2\/tags?post=104101"}],"curies":[{"name":"wp","href":"https:\/\/api.w.org\/{rel}","templated":true}]}}